{"id":6646,"date":"2018-05-14T08:16:15","date_gmt":"2018-05-14T07:16:15","guid":{"rendered":"https:\/\/inclusioaltemporda.cat\/portal\/?p=6646"},"modified":"2018-05-10T13:18:02","modified_gmt":"2018-05-10T12:18:02","slug":"intercanvi-dexperiencies-sobre-participacio-ciutadana-a-arles-sur-tech","status":"publish","type":"post","link":"https:\/\/inclusioaltemporda.cat\/portal\/intercanvi-dexperiencies-sobre-participacio-ciutadana-a-arles-sur-tech\/","title":{"rendered":"Intercanvi d&#8217;experi\u00e8ncies sobre participaci\u00f3 ciutadana a Arles-sur-Tech"},"content":{"rendered":"<p>El Consell Comarcal de l&#8217;Alt Empord\u00e0 est\u00e0 impulsant el microprojecte transfronterer <a href=\"https:\/\/inclusioaltemporda.cat\/portal\/wp-content\/uploads\/Presentaci\u00f3-projecte-breu-CAT.pdf\" target=\"_blank\" rel=\"noopener\"><em>&#8220;Propostes per a millorar la governan\u00e7a local a l&#8217;Espai Catal\u00e0 Transfronterer. Intercanvi d&#8217;experi\u00e8ncies i coneixement en processos de participaci\u00f3 ciutadana&#8221;<\/em><\/a> amb el suport i finan\u00e7ament de la convocat\u00f2ria de subvencions de l&#8217;Eurodistricte de la Generalitat de Catalunya, que t\u00e9 la finalitat de promoure un intercanvi de coneixement i experi\u00e8ncies en el disseny, la dinamitzaci\u00f3, la implementaci\u00f3 i l&#8217;avaluaci\u00f3 de processos participatius duts a terme per ajuntaments del Departament dels Pirineus Orientals i de la comarca de l&#8217;Alt Empord\u00e0. Concretament estan participant en aquest projecte els ajuntaments <span lang=\"ca-ES\">d\u2019Argelers-sur-Mer, Arles-sur-Tech, Elne, Roses, Castell\u00f3 d\u2019Emp\u00faries, L\u2019Escala, Vilafant i La Jonquera. <\/span><\/p>\n<p>L&#8217;objectiu principal d&#8217;aquest projecte \u00e9s generar coneixement aplicat sobre un \u00e0mbit d&#8217;intervenci\u00f3 de les administracions locals que ha estat poc explorat a escala transfronterera per tal compartir les estrat\u00e8gies de participaci\u00f3 que es desenvolupen, els espais formals de participaci\u00f3, les estrat\u00e8gies d&#8217;empoderament de de la ciutadania i les experi\u00e8ncies d&#8217;innovaci\u00f3 social en processos d&#8217;aquestes caracter\u00edstiques.<\/p>\n<p>En el marc d&#8217;aquest projecte durant aquest mes de maig hi ha previstes dues visites d&#8217;estudi, la primera a Arles-sur-Tech i la segona a Castell\u00f3 d&#8217;Emp\u00faries, amb l&#8217;objectiu d&#8217;intercanviar experi\u00e8ncies de participaci\u00f3 ciutadana dutes a terme pels ajuntaments participants en els darrers anys. Participaran en ambdues sessions de treball representants t\u00e8cnics i pol\u00edtics de tots les ens locals implicats en el projecte de cooperaci\u00f3 transfronterera.<\/p>\n<p>Tamb\u00e9 est\u00e0 prevista una jornada final en que es presentaran els resultats del projecte per al dia 19 de juny a Figueres.<\/p>\n<p>&nbsp;<\/p>\n<p>&nbsp;<\/p>\n","protected":false},"excerpt":{"rendered":"<p>La visita s&#8217;emmarca en el microprojecte Propostes per a millorar la governan\u00e7a local a l&#8217;Espai Catal\u00e0 Transfronterer, finan\u00e7at per la subvenci\u00f3 Eurodistricte que atorga la Generalitat de Catalunya<\/p>\n","protected":false},"author":2,"featured_media":6648,"comment_status":"closed","ping_status":"closed","sticky":false,"template":"","format":"standard","meta":{"footnotes":""},"categories":[106,100,107,101,1,108,12,115],"tags":[],"class_list":["post-6646","post","type-post","status-publish","format-standard","has-post-thumbnail","hentry","category-administracions","category-area-benestar","category-centres-recerca-universitats","category-ciutadania","category-general","category-mitjans-comunicacio","category-pla-dinclusio-2","category-projectes-transfronterers","category-106","category-100","category-107","category-101","category-1","category-108","category-12","category-115","description-off"],"_links":{"self":[{"href":"https:\/\/inclusioaltemporda.cat\/portal\/wp-json\/wp\/v2\/posts\/6646","targetHints":{"allow":["GET"]}}],"collection":[{"href":"https:\/\/inclusioaltemporda.cat\/portal\/wp-json\/wp\/v2\/posts"}],"about":[{"href":"https:\/\/inclusioaltemporda.cat\/portal\/wp-json\/wp\/v2\/types\/post"}],"author":[{"embeddable":true,"href":"https:\/\/inclusioaltemporda.cat\/portal\/wp-json\/wp\/v2\/users\/2"}],"replies":[{"embeddable":true,"href":"https:\/\/inclusioaltemporda.cat\/portal\/wp-json\/wp\/v2\/comments?post=6646"}],"version-history":[{"count":3,"href":"https:\/\/inclusioaltemporda.cat\/portal\/wp-json\/wp\/v2\/posts\/6646\/revisions"}],"predecessor-version":[{"id":6650,"href":"https:\/\/inclusioaltemporda.cat\/portal\/wp-json\/wp\/v2\/posts\/6646\/revisions\/6650"}],"wp:featuredmedia":[{"embeddable":true,"href":"https:\/\/inclusioaltemporda.cat\/portal\/wp-json\/wp\/v2\/media\/6648"}],"wp:attachment":[{"href":"https:\/\/inclusioaltemporda.cat\/portal\/wp-json\/wp\/v2\/media?parent=6646"}],"wp:term":[{"taxonomy":"category","embeddable":true,"href":"https:\/\/inclusioaltemporda.cat\/portal\/wp-json\/wp\/v2\/categories?post=6646"},{"taxonomy":"post_tag","embeddable":true,"href":"https:\/\/inclusioaltemporda.cat\/portal\/wp-json\/wp\/v2\/tags?post=6646"}],"curies":[{"name":"wp","href":"https:\/\/api.w.org\/{rel}","templated":true}]}}