{"id":6658,"date":"2018-05-30T07:52:22","date_gmt":"2018-05-30T06:52:22","guid":{"rendered":"https:\/\/inclusioaltemporda.cat\/portal\/?p=6658"},"modified":"2018-06-04T14:23:11","modified_gmt":"2018-06-04T13:23:11","slug":"jornada-final-del-micro-projecte-transfronterer-sobre-participacio-ciutadana","status":"publish","type":"post","link":"https:\/\/inclusioaltemporda.cat\/portal\/jornada-final-del-micro-projecte-transfronterer-sobre-participacio-ciutadana\/","title":{"rendered":"Jornada final del microprojecte transfronterer sobre participaci\u00f3 ciutadana"},"content":{"rendered":"<p lang=\"zxx\">El proper dimarts 19 de juny tindr\u00e0 lloc a Figueres la jornada de tancament del microprojecte transfronterer <em><a href=\"https:\/\/inclusioaltemporda.cat\/portal\/wp-content\/uploads\/Presentaci%C3%B3-projecte-breu-CAT.pdf\" target=\"_blank\" rel=\"noopener\">&#8220;Propostes per a millorar la governan\u00e7a local a l&#8217;Espai Catal\u00e0 Transfronterer. Intercanvi d&#8217;experi\u00e8ncies i coneixement en processos de participaci\u00f3 ciutadana&#8221;<\/a><\/em> que ha portat a terme l\u2019\u00e0rea de Benestar del Consell Comarcal en els darrers mesos.<\/p>\n<p lang=\"zxx\"><span lang=\"ca-ES\">La <a href=\"https:\/\/inclusioaltemporda.cat\/portal\/wp-content\/uploads\/INVITACI\u00d3-19-juny-2018.pdf\" target=\"_blank\" rel=\"noopener\">jornada final del projecte<\/a> comptar\u00e0 amb la presentaci\u00f3 del document final del projecte, que recull el treball dut a terme i els principals aprenentatges generats en el marc de l\u2019intercanvi de coneixement i experi\u00e8ncies, la presentaci\u00f3 de l\u2019experi\u00e8ncia de treball de l\u2019Associaci\u00f3 <\/span>Pays Pyr\u00e9n\u00e9es M\u00e9diterran\u00e9e <span lang=\"ca-ES\">en aquest \u00e0mbit al Departament dels Pirineus Orientals, i amb una confer\u00e8ncia-debat amb Quim Brugu\u00e9, Catedr\u00e0tic de Ci\u00e8ncia Pol\u00edtica i expert en participaci\u00f3 ciutadana.<\/span><\/p>\n<p lang=\"zxx\">La jornada es celebrar\u00e0 a l&#8217;Auditori Narc\u00eds Monturiol del Cercle Sport Figuerenc (c.Monturiol, 3-5). La inscripci\u00f3 es pot fer a trav\u00e9s d&#8217;aquest <a href=\"https:\/\/inclusioaltemporda.cat\/portal\/jornada-final\/\" target=\"_blank\" rel=\"noopener\">q\u00fcestionari on-line<\/a> i estar\u00e0 oberta fins el dia 15 de juny.<\/p>\n<p lang=\"zxx\">Al llarg dels darrers mesos l\u2019Equip d\u2019Inclusi\u00f3 i Atenci\u00f3 a la Comunitat ha posat en marxa i coordinat aquest projecte en que en qu\u00e8 han participat representants pol\u00edtics i t\u00e8cnics dels ajuntaments d\u2019Argel\u00e8s-sur-Mer, Arles-sur-Tech, Elne, Roses, Castell\u00f3 d\u2019Emp\u00faries, L\u2019Escala, Vilafant i La Jonquera.<\/p>\n<p lang=\"zxx\">Aquest projecte transfronterer, que ha comptat amb una subvenci\u00f3 del programa de subvencions pluriennals Eurodistricte atorgat per la la Casa de la Generalitat a Perpiny\u00e0 (Departament de Presid\u00e8ncia), ha tingut com a finalitat promoure un intercanvi de coneixement i experi\u00e8ncies en el disseny, la dinamitzaci\u00f3, la implementaci\u00f3 i l&#8217;avaluaci\u00f3 de processos participatius duts a terme per ajuntaments del Departament dels Pirineus Orientals i de la comarca de l&#8217;Alt Empord\u00e0<\/p>\n<p lang=\"zxx\">En el marc d&#8217;aquest projecte <span lang=\"ca-ES\">es va celebrar una primera trobada del Grup de treball transfronterer integrat per tots els ajuntaments implicats en el projecte a Roses per definir les interessos de treball i les prioritats a abordar en el marc del projecte, i <\/span>dues visites d&#8217;estudi, la primera a Arles-sur-Tech i la segona a Castell\u00f3 d&#8217;Emp\u00faries, <span lang=\"ca-ES\">que han servit per <\/span>intercanviar experi\u00e8ncies de participaci\u00f3 ciutadana dutes a terme pels ajuntaments participants en els darrers anys.<\/p>\n","protected":false},"excerpt":{"rendered":"<p>El proper dimarts 19 de juny tindr\u00e0 lloc a Figueres la jornada de tancament del microprojecte transfronterer &#8220;Propostes per a millorar la governan\u00e7a local a l&#8217;Espai Catal\u00e0 Transfronterer&#8221; que ha portat a terme l\u2019\u00e0rea de Benestar del Consell Comarcal en els darrers mesos.<\/p>\n","protected":false},"author":2,"featured_media":6665,"comment_status":"closed","ping_status":"closed","sticky":false,"template":"","format":"standard","meta":{"footnotes":""},"categories":[106,33,100,107,101,104,103,1,108,12,111,115],"tags":[],"class_list":["post-6658","post","type-post","status-publish","format-standard","has-post-thumbnail","hentry","category-administracions","category-agenda","category-area-benestar","category-centres-recerca-universitats","category-ciutadania","category-entitats-socials","category-estudiants-escoles-instituts","category-general","category-mitjans-comunicacio","category-pla-dinclusio-2","category-projectes-internacionals","category-projectes-transfronterers","category-106","category-33","category-100","category-107","category-101","category-104","category-103","category-1","category-108","category-12","category-111","category-115","description-off"],"_links":{"self":[{"href":"https:\/\/inclusioaltemporda.cat\/portal\/wp-json\/wp\/v2\/posts\/6658","targetHints":{"allow":["GET"]}}],"collection":[{"href":"https:\/\/inclusioaltemporda.cat\/portal\/wp-json\/wp\/v2\/posts"}],"about":[{"href":"https:\/\/inclusioaltemporda.cat\/portal\/wp-json\/wp\/v2\/types\/post"}],"author":[{"embeddable":true,"href":"https:\/\/inclusioaltemporda.cat\/portal\/wp-json\/wp\/v2\/users\/2"}],"replies":[{"embeddable":true,"href":"https:\/\/inclusioaltemporda.cat\/portal\/wp-json\/wp\/v2\/comments?post=6658"}],"version-history":[{"count":6,"href":"https:\/\/inclusioaltemporda.cat\/portal\/wp-json\/wp\/v2\/posts\/6658\/revisions"}],"predecessor-version":[{"id":6684,"href":"https:\/\/inclusioaltemporda.cat\/portal\/wp-json\/wp\/v2\/posts\/6658\/revisions\/6684"}],"wp:featuredmedia":[{"embeddable":true,"href":"https:\/\/inclusioaltemporda.cat\/portal\/wp-json\/wp\/v2\/media\/6665"}],"wp:attachment":[{"href":"https:\/\/inclusioaltemporda.cat\/portal\/wp-json\/wp\/v2\/media?parent=6658"}],"wp:term":[{"taxonomy":"category","embeddable":true,"href":"https:\/\/inclusioaltemporda.cat\/portal\/wp-json\/wp\/v2\/categories?post=6658"},{"taxonomy":"post_tag","embeddable":true,"href":"https:\/\/inclusioaltemporda.cat\/portal\/wp-json\/wp\/v2\/tags?post=6658"}],"curies":[{"name":"wp","href":"https:\/\/api.w.org\/{rel}","templated":true}]}}