{"id":6670,"date":"2018-06-04T11:37:16","date_gmt":"2018-06-04T10:37:16","guid":{"rendered":"https:\/\/inclusioaltemporda.cat\/portal\/?p=6670"},"modified":"2018-06-04T11:39:01","modified_gmt":"2018-06-04T10:39:01","slug":"formacio-a-les-professionals-del-servei-comarca-datencio-a-domicili-sobre-deteccio-i-prevencio-de-maltractaments","status":"publish","type":"post","link":"https:\/\/inclusioaltemporda.cat\/portal\/formacio-a-les-professionals-del-servei-comarca-datencio-a-domicili-sobre-deteccio-i-prevencio-de-maltractaments\/","title":{"rendered":"Formaci\u00f3 a les professionals del Servei comarcal d&#8217;atenci\u00f3 a domicili sobre detecci\u00f3 i prevenci\u00f3 de maltractaments"},"content":{"rendered":"<p>Durant els mesos d&#8217;abril i maig l&#8217;\u00e0rea de Benestar del Consell Comarcal de l&#8217;Alt Empord\u00e0 ha organitzat dos m\u00f2duls formatius sobre &#8220;La detecci\u00f3 de riscos i prevenci\u00f3 dels maltractaments vers les persones grans&#8221;, amb l&#8217;objectiu de capacitar els professionals que desenvolupen tasques de suport a la llar com a detectors de situacions de risc de maltractament.<\/p>\n<p>La formaci\u00f3 \u00e9s un dels elements claus per a la millora de la qualitat professional en qualsevol \u00e0mbit. En aquest context, la formaci\u00f3 adquireix una import\u00e0ncia especial atesa la rellev\u00e0ncia del paper de les treballadores familiars en l&#8217;atenci\u00f3 de les persones grans i en situaci\u00f3 de depend\u00e8ncia. La finalitat d&#8217;aquestes formaci\u00f3 ha estat la de refor\u00e7ar la intervenci\u00f3 d&#8217;aquestes professionals i dotar-les eines necess\u00e0ries per a poder prevenir, detectar i intervenir en les situacions de maltractaments envers les persones grans. Cada m\u00f2dul formatiu ha constat de 6 hores lectives.<\/p>\n<p>Aquesta formaci\u00f3, que s&#8217;inscriu en l&#8217;activitat 4.7 del projecte de cooperaci\u00f3 transfronterera PROSPETSASO sobre Prevenci\u00f3 de maltractaments a les persones grans liderada pel Consell Comarcal en partenariat amb la <a href=\"http:\/\/www.ub.edu\/web\/ub\/ca\/\" target=\"_blank\" rel=\"noopener\">Universitat de Barcelona<\/a> i l&#8217;<em><a href=\"http:\/\/www.association-sauvy.fr\/\" target=\"_blank\" rel=\"noopener\">Association Joseph Sauvy<\/a><\/em>, ha comptat amb la participaci\u00f3 de 31 treballadores del Servei comarca d&#8217;atenci\u00f3 domicili, i 6 treballadores socials de l&#8217;\u00e0rea b\u00e0sica de serveis socials de l&#8217;Alt Empord\u00e0.<\/p>\n<p>En el marc d&#8217;aquesta activitat l&#8217;<em>Association Joseph Sauvy<\/em> tamb\u00e9 ha organitzat durant aquest mes de maig aquesta mateixa formaci\u00f3 adre\u00e7ada als perfils professionals hom\u00f2nims que desenvolupen tasques d&#8217;atenci\u00f3 domicili\u00e0ria al Departament dels Pirineus Orientals.<\/p>\n<p>L\u2019\u00e0rea de Benestar del Consell Comarcal de l\u2019Alt Empord\u00e0 forma part del partenariat del projecte <a href=\"http:\/\/www.prospectsaso.com\" target=\"_blank\" rel=\"noopener\">PROSPECTSASO \u2013 Prospectiva transfronterera sanit\u00e0ria i social<\/a>, liderat per la Universitat de Perpiny\u00e0, que compta amb el 65% de finan\u00e7ament del Fons Europeu de Desenvolupament Regional (FEDER) a trav\u00e9s del programa Interreg V-A Espanya-Fran\u00e7a-Andorra (POCTEFA 2014-2020).<\/p>\n","protected":false},"excerpt":{"rendered":"<p>Durant els mesos d&#8217;abril i maig l&#8217;\u00e0rea de Benestar del Consell Comarcal de l&#8217;Alt Empord\u00e0 ha organitzat dos m\u00f2duls formatius sobre &#8220;La detecci\u00f3 de riscos i prevenci\u00f3 dels maltractaments vers les persones grans&#8221; en el marc del projecte transfronterer PROSPECTSASO<\/p>\n","protected":false},"author":2,"featured_media":6673,"comment_status":"closed","ping_status":"closed","sticky":false,"template":"","format":"standard","meta":{"footnotes":""},"categories":[106,100,107,101,105,104,1,108,102,115],"tags":[],"class_list":["post-6670","post","type-post","status-publish","format-standard","has-post-thumbnail","hentry","category-administracions","category-area-benestar","category-centres-recerca-universitats","category-ciutadania","category-empreses","category-entitats-socials","category-general","category-mitjans-comunicacio","category-professionals-ambit-social","category-projectes-transfronterers","category-106","category-100","category-107","category-101","category-105","category-104","category-1","category-108","category-102","category-115","description-off"],"_links":{"self":[{"href":"https:\/\/inclusioaltemporda.cat\/portal\/wp-json\/wp\/v2\/posts\/6670","targetHints":{"allow":["GET"]}}],"collection":[{"href":"https:\/\/inclusioaltemporda.cat\/portal\/wp-json\/wp\/v2\/posts"}],"about":[{"href":"https:\/\/inclusioaltemporda.cat\/portal\/wp-json\/wp\/v2\/types\/post"}],"author":[{"embeddable":true,"href":"https:\/\/inclusioaltemporda.cat\/portal\/wp-json\/wp\/v2\/users\/2"}],"replies":[{"embeddable":true,"href":"https:\/\/inclusioaltemporda.cat\/portal\/wp-json\/wp\/v2\/comments?post=6670"}],"version-history":[{"count":8,"href":"https:\/\/inclusioaltemporda.cat\/portal\/wp-json\/wp\/v2\/posts\/6670\/revisions"}],"predecessor-version":[{"id":6680,"href":"https:\/\/inclusioaltemporda.cat\/portal\/wp-json\/wp\/v2\/posts\/6670\/revisions\/6680"}],"wp:featuredmedia":[{"embeddable":true,"href":"https:\/\/inclusioaltemporda.cat\/portal\/wp-json\/wp\/v2\/media\/6673"}],"wp:attachment":[{"href":"https:\/\/inclusioaltemporda.cat\/portal\/wp-json\/wp\/v2\/media?parent=6670"}],"wp:term":[{"taxonomy":"category","embeddable":true,"href":"https:\/\/inclusioaltemporda.cat\/portal\/wp-json\/wp\/v2\/categories?post=6670"},{"taxonomy":"post_tag","embeddable":true,"href":"https:\/\/inclusioaltemporda.cat\/portal\/wp-json\/wp\/v2\/tags?post=6670"}],"curies":[{"name":"wp","href":"https:\/\/api.w.org\/{rel}","templated":true}]}}