{"id":6688,"date":"2018-06-18T12:55:26","date_gmt":"2018-06-18T11:55:26","guid":{"rendered":"https:\/\/inclusioaltemporda.cat\/portal\/?p=6688"},"modified":"2018-06-18T12:58:19","modified_gmt":"2018-06-18T11:58:19","slug":"el-consell-comarcal-impulsa-el-servei-datencio-integral-lgtbi-a-lalt-emporda","status":"publish","type":"post","link":"https:\/\/inclusioaltemporda.cat\/portal\/el-consell-comarcal-impulsa-el-servei-datencio-integral-lgtbi-a-lalt-emporda\/","title":{"rendered":"El Consell Comarcal impulsa el Servei d&#8217;Atenci\u00f3 Integral LGTBI a l&#8217;Alt Empord\u00e0"},"content":{"rendered":"<p>El Consell Comarcal de l&#8217;Alt Empord\u00e0 va signar divendres passat amb la Direcci\u00f3 General d&#8217;Igualtat del Departament de Treball, Afers Socials i Fam\u00edlies l&#8217;Acord per al desenvolupament del <a href=\"https:\/\/inclusioaltemporda.cat\/portal\/wp-content\/uploads\/Postal_LGTBI_.pdf\" target=\"_blank\" rel=\"noopener\">Servei d&#8217;Atenci\u00f3 Integral (SAI)-LGTBI de l&#8217;Alt Empord\u00e0<\/a>. A l\u2019acte, celebrat a la sala de plens de la instituci\u00f3 comarcal, hi van assistir el president del Consell, Ferran Roquer, i la directora general d\u2019Igualtat, Mireia Mata, acompanyats per la directora territorial del departament de Treball, Afers Socials i Fam\u00edlia a Girona, Marta Casacuberta.<\/p>\n<p>L&#8217;obertura del SAI-LGTBI de l&#8217;Alt Empord\u00e0 s&#8217;emmarca en el deseplgament de la Llei 11\/2014 del 10 d&#8217;octubre, per a garantir els drets de lesbianes, gais, bisexuals, transg\u00e8neres i intersexuals (LGTBI) i per eradicar l\u2019homof\u00f2bia, la bif\u00f2bia i la transf\u00f2bia, que t\u00e9 com a objectiu principal vetllar per la protecci\u00f3 dels drets de les persones LGTBI i evitar situacions de discriminaci\u00f3 i viol\u00e8ncia per tal d\u2019assegurar que es pugui viure la diversitat sexual i afectiva en plena llibertat.<\/p>\n<p>Per tal de fer possible la protecci\u00f3 d\u2019aquests drets s\u2019ha creat el SAI de l\u2019Alt Empord\u00e0, que \u00e9s un servei d\u2019atenci\u00f3 integral, de qualitat i de proximitat adre\u00e7at a les persones que pateixin, hagin patit o estiguin en risc de patir discriminaci\u00f3 o viol\u00e8ncia per la seva orientaci\u00f3 sexual, identitat de g\u00e8nere o expressi\u00f3 de g\u00e8nere. El servei est\u00e0 gestionat des de l&#8217;Equip d&#8217;Inclusi\u00f3 i Atenci\u00f3 a la Comunitat de l&#8217;\u00c0rea de Benestar del Consell Comarcal de l&#8217;Alt Empord\u00e0 i at\u00e9n a tots els municipis de la comarca i Figueres, en horari d&#8217;atenci\u00f3 de dilluns a divendres de 9 a 14h. L\u2019equip est\u00e0 format per una educadora social, un psic\u00f2leg i una advocada.<\/p>\n<p>OBJECTIUS SAI ALT EMPORD\u00c0<\/p>\n<p>Els objectius del SAI Alt Empord\u00e0, explicats aquest migdia durant la signatura de l\u2019acord de desenvolupament d\u2019aquesta prestaci\u00f3 social, s\u00f3n els seg\u00fcents:<\/p>\n<p>\u2022 Ser un espai de sensibilitzaci\u00f3 i informaci\u00f3 per a persones i entitats de tota la comarca, per tal de mostrar la diversitat d\u2019orientaci\u00f3 sexual i d\u2019identitat de g\u00e8nere i prevenir LGBTIf\u00f2bia.<\/p>\n<p>\u2022 Donar informaci\u00f3, atendre incid\u00e8ncies i possibles casos de discriminaci\u00f3.<\/p>\n<p>\u2022 Facilitar informaci\u00f3, assessorament i formaci\u00f3 espec\u00edfica a professionals i poblaci\u00f3 en general en mat\u00e8ria LGTBI.<\/p>\n<p>\u2022 Oferir atenci\u00f3 psicoterap\u00e8utica adre\u00e7at a persones LGTBI i el seu entorn.<\/p>\n<p>\u2022 Facilitar assessorament jur\u00eddic especialitzat.<\/p>\n<p>\u2022 Tramitar la targeta sanit\u00e0ria amb el nom sentit a persones trans.<\/p>\n<p>\u2022 Implementar programes de sensibilitzaci\u00f3 a nivell comarcal.<\/p>\n<p>PRINCIPALS ACCIONS REALITZADES<\/p>\n<p>El SAI Alt Empord\u00e0 es va posar en marxa el mes de setembre de 2017. Des de llavors les principals accions realitzades es concreten en aquests apartats:<\/p>\n<p>\u2022 S&#8217;ha constitu\u00eft la Comissi\u00f3 T\u00e8cnica comarcal LGTBI formada per entitats i professionals, aquesta s\u2019ha reunit en dues ocasions i est\u00e0 formada per representants de: Mossos d\u2019Esquadra, Ensenyament, Serveis Socials CCAE, \u00c0rea de Joventut, SIAD de l\u2019Ajuntament de Figueres, SIAD Consell Comarcal Alt Empord\u00e0, Salut, Inf\u00e0ncia, \u00c0rea de depend\u00e8ncia, i entitats.<\/p>\n<p>\u2022 S&#8217;han portat a terme dues formacions sobre estrat\u00e8gies i intervenci\u00f3 LGTBI, una adre\u00e7ada als i les professionals de la Comissi\u00f3 i l&#8217;altre als equips dels Serveis Socials B\u00e0sics i Equip d&#8217;Atenci\u00f3 a la Inf\u00e0ncia i l&#8217;Adolesc\u00e8ncia del Consell Comarcal. \u2022 S&#8217;ha at\u00e8s a tres persones des de l&#8217;espai d&#8217;atenci\u00f3 psicol\u00f2gica.<\/p>\n<p>\u2022 S&#8217;han tramitat dues targetes sanit\u00e0ries amb el nom sentit.<\/p>\n<p>\u2022 En aquests moments s&#8217;est\u00e0 portant a terme una Diagnosi interna amb l\u2019Institut de Recerca Educativa de la Universitat de Girona sobre la situaci\u00f3 dels joves LGTBI a la comarca, amb quatre eixos principals: pol\u00edtiques i intervenci\u00f3 p\u00fablica; pr\u00e0ctiques educatives i estrat\u00e8gies dels serveis i professionals per fer front a les discriminacions i viol\u00e8ncies LGTBI; relacions socials i lgtbif\u00f2bia interioritzada i espai p\u00fablic i xarxes socials.<\/p>\n<p>\u2022 S\u2019organitzar\u00e0 a la ciutat de Figueres un seminari formatiu per a professionals de centres de den\u00fancia i d\u2019assist\u00e8ncia a v\u00edctimes de delictes anti-LGBT, adre\u00e7at a professionals i centres de den\u00fancia. Est\u00e0 previst que aquestes jornades es portin a terme els propers dies 10 i 11 de juliol a la Sala de Plens del Consell Comarcal.<\/p>\n","protected":false},"excerpt":{"rendered":"<p>L&#8217;obertura del SAI-LGTBI de l&#8217;Alt Empord\u00e0 s&#8217;emmarca en el desplegament al territori de la Llei 11\/2014 del 10 d&#8217;octubre, per a garantir els drets de lesbianes, gais, bisexuals, transg\u00e8neres i intersexuals (LGTBI) i per eradicar l\u2019homof\u00f2bia, la bif\u00f2bia i la transf\u00f2bia.<\/p>\n","protected":false},"author":2,"featured_media":6689,"comment_status":"closed","ping_status":"closed","sticky":false,"template":"","format":"standard","meta":{"footnotes":""},"categories":[106,100,101,105,104,103,1,108,12,102],"tags":[],"class_list":["post-6688","post","type-post","status-publish","format-standard","has-post-thumbnail","hentry","category-administracions","category-area-benestar","category-ciutadania","category-empreses","category-entitats-socials","category-estudiants-escoles-instituts","category-general","category-mitjans-comunicacio","category-pla-dinclusio-2","category-professionals-ambit-social","category-106","category-100","category-101","category-105","category-104","category-103","category-1","category-108","category-12","category-102","description-off"],"_links":{"self":[{"href":"https:\/\/inclusioaltemporda.cat\/portal\/wp-json\/wp\/v2\/posts\/6688","targetHints":{"allow":["GET"]}}],"collection":[{"href":"https:\/\/inclusioaltemporda.cat\/portal\/wp-json\/wp\/v2\/posts"}],"about":[{"href":"https:\/\/inclusioaltemporda.cat\/portal\/wp-json\/wp\/v2\/types\/post"}],"author":[{"embeddable":true,"href":"https:\/\/inclusioaltemporda.cat\/portal\/wp-json\/wp\/v2\/users\/2"}],"replies":[{"embeddable":true,"href":"https:\/\/inclusioaltemporda.cat\/portal\/wp-json\/wp\/v2\/comments?post=6688"}],"version-history":[{"count":3,"href":"https:\/\/inclusioaltemporda.cat\/portal\/wp-json\/wp\/v2\/posts\/6688\/revisions"}],"predecessor-version":[{"id":6693,"href":"https:\/\/inclusioaltemporda.cat\/portal\/wp-json\/wp\/v2\/posts\/6688\/revisions\/6693"}],"wp:featuredmedia":[{"embeddable":true,"href":"https:\/\/inclusioaltemporda.cat\/portal\/wp-json\/wp\/v2\/media\/6689"}],"wp:attachment":[{"href":"https:\/\/inclusioaltemporda.cat\/portal\/wp-json\/wp\/v2\/media?parent=6688"}],"wp:term":[{"taxonomy":"category","embeddable":true,"href":"https:\/\/inclusioaltemporda.cat\/portal\/wp-json\/wp\/v2\/categories?post=6688"},{"taxonomy":"post_tag","embeddable":true,"href":"https:\/\/inclusioaltemporda.cat\/portal\/wp-json\/wp\/v2\/tags?post=6688"}],"curies":[{"name":"wp","href":"https:\/\/api.w.org\/{rel}","templated":true}]}}