{"id":6702,"date":"2018-06-21T14:17:37","date_gmt":"2018-06-21T13:17:37","guid":{"rendered":"https:\/\/inclusioaltemporda.cat\/portal\/?p=6702"},"modified":"2018-06-22T07:36:07","modified_gmt":"2018-06-22T06:36:07","slug":"jornada-final-del-microprojecte-transfronterer-sobre-participacio-ciutadana","status":"publish","type":"post","link":"https:\/\/inclusioaltemporda.cat\/portal\/jornada-final-del-microprojecte-transfronterer-sobre-participacio-ciutadana\/","title":{"rendered":"Jornada final del microprojecte transfronterer sobre participaci\u00f3 ciutadana"},"content":{"rendered":"<p align=\"justify\">Aquest dimarts va tenir lloc a Figueres la <a href=\"https:\/\/inclusioaltemporda.cat\/portal\/jornada-final-del-micro-projecte-transfronterer-sobre-participacio-ciutadana\/\" target=\"_blank\" rel=\"noopener\">jornada de tancament del microprojecte transfronterer &#8220;Propostes per millorar la governan\u00e7a local a l&#8217;Espai Catal\u00e0 Transfronterer. Intercanvi d&#8217;experi\u00e8ncies i coneixement en processos de participaci\u00f3 ciutadana&#8221;<\/a> que ha portat a terme l&#8217;Equip d&#8217;Inclusi\u00f3 i Atenci\u00f3 a la Comunitat del Consell Comarcal de l&#8217;Alt Empord\u00e0 en els darrers mesos, en qu\u00e8 van participat 50 representants pol\u00edtics i t\u00e8cnics d&#8217;ajuntaments de les dues vessants de la frontera.<\/p>\n<p align=\"justify\">Durant aquest semestre, l&#8217;Equip D&#8217;inclusi\u00f3 i Atenci\u00f3 a la Comunitat ha posat en marxa i ha coordinat conjuntament aquest projecte en el qual ha participat un grup de 25 representants t\u00e8cnics i pol\u00edtics dels ajuntaments d\u2019Argel\u00e8s-sur-Mer, Arles-sur-Tech, Le Bolou, Elne, Roses, Castell\u00f3 d\u2019Emp\u00faries, L\u2019Escala, Vilafant i La Jonquera.<\/p>\n<p align=\"justify\">Aquest projecte transfronterer, que ha comptat amb una subvenci\u00f3 del programa de subvencions pluriennals Eurodistricte atorgat per la Generalitat de Catalunya i el Departament dels Pirineus Orientals, s&#8217;ha centrat en l&#8217;intercanvi de bones pr\u00e0ctiques i de coneixement en processos de participaci\u00f3 ciutadana desenvolupats pels ens locals els darrers anys.<\/p>\n<p>Podeu consultar el document final del projecte en aquests enlla\u00e7os<\/p>\n<p><a href=\"https:\/\/inclusioaltemporda.cat\/portal\/wp-content\/uploads\/LA-PARTICIPACI\u00d3-CIUTADANA-A-LESPAI-CATAL\u00c0-TRANSFRONTERER.pdf\" target=\"_blank\" rel=\"noopener\">Document de s\u00edntesi (versi\u00f3 catal\u00e0)<\/a><\/p>\n<p><a href=\"https:\/\/inclusioaltemporda.cat\/portal\/wp-content\/uploads\/LA-PARTICIPATION-CITOYENNE-DANS-LESPACE-CATALAN-TRANSFRONTALIER.pdf\">Document du synth\u00e8se du travail (version en fan\u00e7ais)<\/a><\/p>\n","protected":false},"excerpt":{"rendered":"<p>Aquest dimarts va tenir lloc la jornada de tancament del microprojecte transfronterer en qu\u00e8 van participat 50 representants pol\u00edtics i t\u00e8cnics d&#8217;ajuntaments de les dues vessants de la frontera.<\/p>\n","protected":false},"author":2,"featured_media":6703,"comment_status":"closed","ping_status":"closed","sticky":false,"template":"","format":"standard","meta":{"footnotes":""},"categories":[106,100,101,1,108,12,115],"tags":[],"class_list":["post-6702","post","type-post","status-publish","format-standard","has-post-thumbnail","hentry","category-administracions","category-area-benestar","category-ciutadania","category-general","category-mitjans-comunicacio","category-pla-dinclusio-2","category-projectes-transfronterers","category-106","category-100","category-101","category-1","category-108","category-12","category-115","description-off"],"_links":{"self":[{"href":"https:\/\/inclusioaltemporda.cat\/portal\/wp-json\/wp\/v2\/posts\/6702","targetHints":{"allow":["GET"]}}],"collection":[{"href":"https:\/\/inclusioaltemporda.cat\/portal\/wp-json\/wp\/v2\/posts"}],"about":[{"href":"https:\/\/inclusioaltemporda.cat\/portal\/wp-json\/wp\/v2\/types\/post"}],"author":[{"embeddable":true,"href":"https:\/\/inclusioaltemporda.cat\/portal\/wp-json\/wp\/v2\/users\/2"}],"replies":[{"embeddable":true,"href":"https:\/\/inclusioaltemporda.cat\/portal\/wp-json\/wp\/v2\/comments?post=6702"}],"version-history":[{"count":7,"href":"https:\/\/inclusioaltemporda.cat\/portal\/wp-json\/wp\/v2\/posts\/6702\/revisions"}],"predecessor-version":[{"id":6710,"href":"https:\/\/inclusioaltemporda.cat\/portal\/wp-json\/wp\/v2\/posts\/6702\/revisions\/6710"}],"wp:featuredmedia":[{"embeddable":true,"href":"https:\/\/inclusioaltemporda.cat\/portal\/wp-json\/wp\/v2\/media\/6703"}],"wp:attachment":[{"href":"https:\/\/inclusioaltemporda.cat\/portal\/wp-json\/wp\/v2\/media?parent=6702"}],"wp:term":[{"taxonomy":"category","embeddable":true,"href":"https:\/\/inclusioaltemporda.cat\/portal\/wp-json\/wp\/v2\/categories?post=6702"},{"taxonomy":"post_tag","embeddable":true,"href":"https:\/\/inclusioaltemporda.cat\/portal\/wp-json\/wp\/v2\/tags?post=6702"}],"curies":[{"name":"wp","href":"https:\/\/api.w.org\/{rel}","templated":true}]}}