{"id":6712,"date":"2018-07-11T08:42:05","date_gmt":"2018-07-11T07:42:05","guid":{"rendered":"https:\/\/inclusioaltemporda.cat\/portal\/?p=6712"},"modified":"2018-07-11T08:42:05","modified_gmt":"2018-07-11T07:42:05","slug":"seminari-del-projecte-come-forward-sobre-lapoderament-i-suport-a-victimes-de-delictes-dodi-anti-lgtb","status":"publish","type":"post","link":"https:\/\/inclusioaltemporda.cat\/portal\/seminari-del-projecte-come-forward-sobre-lapoderament-i-suport-a-victimes-de-delictes-dodi-anti-lgtb\/","title":{"rendered":"Seminari del projecte Come Forward sobre l&#8217;apoderament i suport a v\u00edctimes de delictes d&#8217;odi anti-LGTB"},"content":{"rendered":"<p>Aquesta setmana el Consell Comarcal de l&#8217;Alt Empord\u00e0 est\u00e0 acollint el <a href=\"https:\/\/inclusioaltemporda.cat\/portal\/wp-content\/uploads\/Programa-seminari.pdf\" target=\"_blank\" rel=\"noopener\">Seminari t\u00e8cnic del projecte Come Forward sobre apoderament i suport a v\u00edctimes de delictes d&#8217;odi amti-LGTB<\/a>.<\/p>\n<p lang=\"ca-ES\" align=\"justify\">El seminari, que est\u00e0 organitzat per la Universitat de Girona (UdG) amb el Consell Comarcal en el marc del projecte Europeu <a href=\"http:\/\/www.lgbthatecrime.eu\/\" target=\"_blank\" rel=\"noopener\">Come Forward<\/a>, t\u00e9 com a objectiu formar als i les professionals dels centres de denuncia i atenci\u00f3 per apoderar i recolzar a les v\u00edctimes de delictes d&#8217;odi anti-LGTB. L&#8217;activitat formativa est\u00e0 condu\u00efda per dos membres de l&#8217;equip de recerca de la Universitat de Girona del projecte Europeu Come Forward: Jose Antonio Langarita, doctor en Antropologia Social i professor de la UdG, i N\u00faria Sadurn\u00ed, activista lesbofeminista i investigadora psicosocial de la UdG.<\/p>\n<p lang=\"ca-ES\" align=\"justify\">Els delictes d&#8217;odi contra les persones LGTB han rebut en els \u00faltims anys una atenci\u00f3 creixent per part de les organitzacions internacionals aix\u00ed com per nombrosos governs europeus. Malgrat aix\u00f2, els esfor\u00e7os transnacionals per afrontar aquest fenomen no s&#8217;han desenvolupat encara de manera integral en tota Europa. Per combatre aquests delictes, \u00e9s necess\u00e0ria una resposta efectiva que inclogui a diverses organitzacions, de manera que qui els hagi patit, pugui denunciar-los aix\u00ed com accedir als serveis de suport a la v\u00edctima. En aquest context, el projecte Come Forward respon a una necessitat creixent en la nostra societat de fer front als exercicis de discriminaci\u00f3 i odi derivats de l&#8217;opci\u00f3 sexual, identitat o expressi\u00f3 i de g\u00e8nere.<\/p>\n<p lang=\"ca-ES\" align=\"justify\">El Consell Comarcal de l\u2019Alt Empord\u00e0 t\u00e9 una l\u00ednia espec\u00edfica d&#8217;intervenci\u00f3 sobre diversitat afectiu sexual emmarcada a trav\u00e9s del <a href=\"https:\/\/inclusioaltemporda.cat\/portal\/el-consell-comarcal-impulsa-el-servei-datencio-integral-lgtbi-a-lalt-emporda\/\" target=\"_blank\" rel=\"noopener\">Servei d\u2019Atenci\u00f3 Integral (SAI)<\/a>. En aquesta l\u00ednia un dels objectius generals del servei \u00e9s construir una estrat\u00e8gia de valoraci\u00f3 positiva i inclusi\u00f3 cap a les identitats de g\u00e8nere i diversitat afectiu sexual individual i familiar.<\/p>\n<p lang=\"ca-ES\" align=\"justify\">\n<p lang=\"ca-ES\" align=\"justify\">\n<p>&nbsp;<\/p>\n","protected":false},"excerpt":{"rendered":"<p>Aquesta setmana el Consell Comarcal de l&#8217;Alt Empord\u00e0 est\u00e0 acollint un Seminari t\u00e8cnic sobre apoderament i suport a v\u00edctimes de delictes d&#8217;odi amti-LGTB organitzat conjuntament amb la UdG<\/p>\n","protected":false},"author":2,"featured_media":6715,"comment_status":"closed","ping_status":"closed","sticky":false,"template":"","format":"standard","meta":{"footnotes":""},"categories":[106,33,100,107,101,103,1,108,12,102,111],"tags":[],"class_list":["post-6712","post","type-post","status-publish","format-standard","has-post-thumbnail","hentry","category-administracions","category-agenda","category-area-benestar","category-centres-recerca-universitats","category-ciutadania","category-estudiants-escoles-instituts","category-general","category-mitjans-comunicacio","category-pla-dinclusio-2","category-professionals-ambit-social","category-projectes-internacionals","category-106","category-33","category-100","category-107","category-101","category-103","category-1","category-108","category-12","category-102","category-111","description-off"],"_links":{"self":[{"href":"https:\/\/inclusioaltemporda.cat\/portal\/wp-json\/wp\/v2\/posts\/6712","targetHints":{"allow":["GET"]}}],"collection":[{"href":"https:\/\/inclusioaltemporda.cat\/portal\/wp-json\/wp\/v2\/posts"}],"about":[{"href":"https:\/\/inclusioaltemporda.cat\/portal\/wp-json\/wp\/v2\/types\/post"}],"author":[{"embeddable":true,"href":"https:\/\/inclusioaltemporda.cat\/portal\/wp-json\/wp\/v2\/users\/2"}],"replies":[{"embeddable":true,"href":"https:\/\/inclusioaltemporda.cat\/portal\/wp-json\/wp\/v2\/comments?post=6712"}],"version-history":[{"count":1,"href":"https:\/\/inclusioaltemporda.cat\/portal\/wp-json\/wp\/v2\/posts\/6712\/revisions"}],"predecessor-version":[{"id":6716,"href":"https:\/\/inclusioaltemporda.cat\/portal\/wp-json\/wp\/v2\/posts\/6712\/revisions\/6716"}],"wp:featuredmedia":[{"embeddable":true,"href":"https:\/\/inclusioaltemporda.cat\/portal\/wp-json\/wp\/v2\/media\/6715"}],"wp:attachment":[{"href":"https:\/\/inclusioaltemporda.cat\/portal\/wp-json\/wp\/v2\/media?parent=6712"}],"wp:term":[{"taxonomy":"category","embeddable":true,"href":"https:\/\/inclusioaltemporda.cat\/portal\/wp-json\/wp\/v2\/categories?post=6712"},{"taxonomy":"post_tag","embeddable":true,"href":"https:\/\/inclusioaltemporda.cat\/portal\/wp-json\/wp\/v2\/tags?post=6712"}],"curies":[{"name":"wp","href":"https:\/\/api.w.org\/{rel}","templated":true}]}}