{"id":6718,"date":"2018-07-23T11:33:47","date_gmt":"2018-07-23T10:33:47","guid":{"rendered":"https:\/\/inclusioaltemporda.cat\/portal\/?p=6718"},"modified":"2018-07-23T11:35:26","modified_gmt":"2018-07-23T10:35:26","slug":"el-projecte-espiadimonis-ofereix-un-espai-de-lleure-creatiu-als-infants-de-sant-pere-pescador","status":"publish","type":"post","link":"https:\/\/inclusioaltemporda.cat\/portal\/el-projecte-espiadimonis-ofereix-un-espai-de-lleure-creatiu-als-infants-de-sant-pere-pescador\/","title":{"rendered":"El projecte Espiadimonis ofereix un espai de lleure creatiu als infants de Sant Pere Pescador"},"content":{"rendered":"<p>En el marc projecte l\u2019<i>Alt Empord\u00e0, una comarca inclusiva, amb salut i sostenible<\/i>,<a href=\"http:\/\/ksameu.cat\/\" target=\"_blank\" rel=\"noopener\"> Ksameu-Fundaci\u00f3 Sant Vicen\u00e7 de Pa\u00fcl<\/a> est\u00e0 impulsant els mesos de juliol i agost una nova iniciativa que permet oferir un espai de lleure creatiu a 20 infants i adolescents del municipi de Sant Pere Pescador.<\/p>\n<p>L\u2019Espai Espiadimonis \u00e9s un programa que s\u2019ha definit i finan\u00e7at en el marc d\u2019una de les l\u00ednies del <a href=\"https:\/\/www.dipsalut.cat\/area.html?a=7&amp;sub=24&amp;prog=222\" target=\"_blank\" rel=\"noopener\">programa \u00abBenestar i Comunitat\u00bb de DipSalut<\/a> orientada a promoure el benestar emocional dels infants i adolescents de la comarca. L\u2019objectiu del projecte \u00e9s facilitar un espai de lleure creatiu i inclusiu orientat a promoure habilitats i valors en el temps lliure i extraescolar.<\/p>\n<p>En el marc de l\u2019Espai Espiadimonis es proposa als i les participants participar en un espai on es pugui viure un temps de qualitat per treballar la relaci\u00f3 entre infants, la descoberta dels altres, la descoberta d&#8217;activitats art\u00edstiques i creatives i l&#8217;entorn.<\/p>\n<p>Aquest projecte t\u00e9 el seu origen en el treball en xarxa promogut l\u2019any 2015 pel Pla d\u2019Inclusi\u00f3 i les entitats de la Taula d\u2019Inclusi\u00f3: KSAMEU, la FAPAC-Alt Empord\u00e0, C\u00e0ritas Figueres, Creu Roja i la Fundaci\u00f3 Esplai Girona) que va permetre definir l\u2019Espai Espiadimonis com un lloc per fomentar el descobriment i l\u2019aprenentatge mitjan\u00e7ant el joc i la creaci\u00f3 art\u00edstica, adre\u00e7at a infants i adolescents de 6 a 14 anys. L\u2019estiu de 2015 es va impulsar una prova pilot del projecte als municips de Cabanes i Camallera que va comptar amb la participaci\u00f3 de 40 infants.<\/p>\n","protected":false},"excerpt":{"rendered":"<p>En el marc projecte l\u2019Alt Empord\u00e0, una comarca inclusiva, amb salut i sostenible, Ksameu-Fundaci\u00f3 Sant Vicen\u00e7 de Pa\u00fcl est\u00e0 impulsant els mesos de juliol i agost una nova iniciativa que permet oferir un espai de lleure creatiu a 20 infants i adolescents del municipi<\/p>\n","protected":false},"author":2,"featured_media":6721,"comment_status":"closed","ping_status":"closed","sticky":false,"template":"","format":"standard","meta":{"footnotes":""},"categories":[106,100,101,104,1,108,12,11],"tags":[],"class_list":["post-6718","post","type-post","status-publish","format-standard","has-post-thumbnail","hentry","category-administracions","category-area-benestar","category-ciutadania","category-entitats-socials","category-general","category-mitjans-comunicacio","category-pla-dinclusio-2","category-taula-inclusio","category-106","category-100","category-101","category-104","category-1","category-108","category-12","category-11","description-off"],"_links":{"self":[{"href":"https:\/\/inclusioaltemporda.cat\/portal\/wp-json\/wp\/v2\/posts\/6718","targetHints":{"allow":["GET"]}}],"collection":[{"href":"https:\/\/inclusioaltemporda.cat\/portal\/wp-json\/wp\/v2\/posts"}],"about":[{"href":"https:\/\/inclusioaltemporda.cat\/portal\/wp-json\/wp\/v2\/types\/post"}],"author":[{"embeddable":true,"href":"https:\/\/inclusioaltemporda.cat\/portal\/wp-json\/wp\/v2\/users\/2"}],"replies":[{"embeddable":true,"href":"https:\/\/inclusioaltemporda.cat\/portal\/wp-json\/wp\/v2\/comments?post=6718"}],"version-history":[{"count":3,"href":"https:\/\/inclusioaltemporda.cat\/portal\/wp-json\/wp\/v2\/posts\/6718\/revisions"}],"predecessor-version":[{"id":6724,"href":"https:\/\/inclusioaltemporda.cat\/portal\/wp-json\/wp\/v2\/posts\/6718\/revisions\/6724"}],"wp:featuredmedia":[{"embeddable":true,"href":"https:\/\/inclusioaltemporda.cat\/portal\/wp-json\/wp\/v2\/media\/6721"}],"wp:attachment":[{"href":"https:\/\/inclusioaltemporda.cat\/portal\/wp-json\/wp\/v2\/media?parent=6718"}],"wp:term":[{"taxonomy":"category","embeddable":true,"href":"https:\/\/inclusioaltemporda.cat\/portal\/wp-json\/wp\/v2\/categories?post=6718"},{"taxonomy":"post_tag","embeddable":true,"href":"https:\/\/inclusioaltemporda.cat\/portal\/wp-json\/wp\/v2\/tags?post=6718"}],"curies":[{"name":"wp","href":"https:\/\/api.w.org\/{rel}","templated":true}]}}