{"id":6726,"date":"2018-08-01T08:33:05","date_gmt":"2018-08-01T07:33:05","guid":{"rendered":"https:\/\/inclusioaltemporda.cat\/portal\/?p=6726"},"modified":"2018-08-01T08:36:13","modified_gmt":"2018-08-01T07:36:13","slug":"estrena-de-lespectacle-teatral-en-perspectiva-un-altre-punt-de-vista-premi-inclusio-2017-del-consell-comarcal","status":"publish","type":"post","link":"https:\/\/inclusioaltemporda.cat\/portal\/estrena-de-lespectacle-teatral-en-perspectiva-un-altre-punt-de-vista-premi-inclusio-2017-del-consell-comarcal\/","title":{"rendered":"Estrena de l&#8217;espectacle teatral &#8220;En perspectiva, un altre punt de vista&#8221;, Premi Inclusi\u00f3 2017 del Consell Comarcal"},"content":{"rendered":"<p>Aquest proper divendres s&#8217;estrena l&#8217;obra teatral <a href=\"https:\/\/inclusioaltemporda.cat\/portal\/wp-content\/uploads\/teatre_inclusio_2.jpg\" target=\"_blank\" rel=\"noopener\">&#8220;En perspectiva, un altre punt de vista&#8221;<\/a>, que \u00e9s el fruit de la col\u00b7laboraci\u00f3 del Centre de lleure El Dof\u00ed i l&#8217;associaci\u00f3 de teatre juvenil a Mossegades. Aquesta iniciativa neix del <a href=\"https:\/\/inclusioaltemporda.cat\/portal\/el-projecte-del-dofi-teatre-a-labast-guanya-el-premi-dinclusio-social-2017-del-consell-comarcal\/\" target=\"_blank\" rel=\"noopener\">projecte &#8220;Teatre a l&#8217;abast&#8221;<\/a> guanyador del Premi Inclusi\u00f3 2017 del Consell Comarcal de l&#8217;Alt Empord\u00e0.<\/p>\n<p>Aquest \u00e9s un projecte especial i singular que t\u00e9 el seu origen en la sinergia entre dues entitats amb objectius aparentment diferents. A Mossegades \u00e9s una entitat plataforma per les persones joves empordaneses que vulguin endinsar-se en el m\u00f3n de l\u2019espectacle i formar part d\u2019un grup de teatre; El Centre de lleure el Dof\u00ed \u00e9s una entitat que treballa pel lleure inclusiu amb persones joves amb diversitat funcional. Les dues entitats es van unir per engegar el grup de \u201cTeatre a l\u2019Abast\u201d que reuneix a diferents socis de A Mossegades i el Dof\u00ed per crear una obra teatral conjuntament, des de zero i partint de les propostes de cada participant.<\/p>\n<p>El Grup de \u201cTeatre a l\u2019Abast\u201d ha estat construint una obra a partir dels estereotips sexistes d\u2019algunes pel\u00b7l\u00edcules referents de la productora Disney, des de la perspectiva de g\u00e8nere i oferint un altre punt de vista que obra nous plantejaments i horitzons dels conceptes de bellesa, amor i les relacions de parella.<\/p>\n<p>El projecte ha comptat amb el suport del Consell Comarcal de l\u2019Alt Empord\u00e0, a trav\u00e9s del Premi Inclusi\u00f3 2017, amb una dotaci\u00f3 econ\u00f2mica de la 6.000\u20ac. El projecte \u201cTeatre a l\u2019Abast\u201d t\u00e9 com a objectiu crear un grup de teatre inclusiu, fomentat aix\u00ed la participaci\u00f3 juvenil, l\u2019associacionisme i el desenvolupament cultural en diferents sectors de la poblaci\u00f3.<\/p>\n<p>L\u2019obra t\u00e9 moments c\u00f2mics i ca\u00f2tics i d\u2019altres m\u00e9s radicals i intensos, per\u00f2 tamb\u00e9 moments tendres i delicats. Tot creat a partir de les propostes i improvisacions dels participants guiats per un equip format per voluntaris del Dof\u00ed i A Mossegades. L\u2019espectacle es podr\u00e0 veure el divendres <a href=\"https:\/\/inclusioaltemporda.cat\/portal\/wp-content\/uploads\/teatre_inclusio_2.jpg\" target=\"_blank\" rel=\"noopener\">3 d\u2018agost a les 19h a la Cate<\/a>, i posteriorment es podr\u00e0 veure en altres municipis de la comarca.<\/p>\n<p>&nbsp;<\/p>\n<p>&nbsp;<\/p>\n","protected":false},"excerpt":{"rendered":"<p>Aquesta obra \u00e9s fruit de la col\u00b7laboraci\u00f3 del Centre de lleure El Dof\u00ed i l&#8217;associaci\u00f3 de teatre juvenil a Mossegades en el marc del projecte&#8221;Teatre a l&#8217;abast&#8221; guanyador del Premi Inclusi\u00f3 Alt Empord\u00e0 2017 <\/p>\n","protected":false},"author":2,"featured_media":6263,"comment_status":"closed","ping_status":"closed","sticky":false,"template":"","format":"standard","meta":{"footnotes":""},"categories":[106,100,101,105,104,103,1,108,12,11],"tags":[],"class_list":["post-6726","post","type-post","status-publish","format-standard","has-post-thumbnail","hentry","category-administracions","category-area-benestar","category-ciutadania","category-empreses","category-entitats-socials","category-estudiants-escoles-instituts","category-general","category-mitjans-comunicacio","category-pla-dinclusio-2","category-taula-inclusio","category-106","category-100","category-101","category-105","category-104","category-103","category-1","category-108","category-12","category-11","description-off"],"_links":{"self":[{"href":"https:\/\/inclusioaltemporda.cat\/portal\/wp-json\/wp\/v2\/posts\/6726","targetHints":{"allow":["GET"]}}],"collection":[{"href":"https:\/\/inclusioaltemporda.cat\/portal\/wp-json\/wp\/v2\/posts"}],"about":[{"href":"https:\/\/inclusioaltemporda.cat\/portal\/wp-json\/wp\/v2\/types\/post"}],"author":[{"embeddable":true,"href":"https:\/\/inclusioaltemporda.cat\/portal\/wp-json\/wp\/v2\/users\/2"}],"replies":[{"embeddable":true,"href":"https:\/\/inclusioaltemporda.cat\/portal\/wp-json\/wp\/v2\/comments?post=6726"}],"version-history":[{"count":4,"href":"https:\/\/inclusioaltemporda.cat\/portal\/wp-json\/wp\/v2\/posts\/6726\/revisions"}],"predecessor-version":[{"id":6732,"href":"https:\/\/inclusioaltemporda.cat\/portal\/wp-json\/wp\/v2\/posts\/6726\/revisions\/6732"}],"wp:featuredmedia":[{"embeddable":true,"href":"https:\/\/inclusioaltemporda.cat\/portal\/wp-json\/wp\/v2\/media\/6263"}],"wp:attachment":[{"href":"https:\/\/inclusioaltemporda.cat\/portal\/wp-json\/wp\/v2\/media?parent=6726"}],"wp:term":[{"taxonomy":"category","embeddable":true,"href":"https:\/\/inclusioaltemporda.cat\/portal\/wp-json\/wp\/v2\/categories?post=6726"},{"taxonomy":"post_tag","embeddable":true,"href":"https:\/\/inclusioaltemporda.cat\/portal\/wp-json\/wp\/v2\/tags?post=6726"}],"curies":[{"name":"wp","href":"https:\/\/api.w.org\/{rel}","templated":true}]}}