{"id":6734,"date":"2018-08-10T10:30:56","date_gmt":"2018-08-10T09:30:56","guid":{"rendered":"https:\/\/inclusioaltemporda.cat\/portal\/?p=6734"},"modified":"2018-08-10T10:39:27","modified_gmt":"2018-08-10T09:39:27","slug":"larea-de-benestar-del-consell-comarcal-promou-el-projecte-lalt-emporda-una-comarca-inclusiva-amb-salut-i-sostenible","status":"publish","type":"post","link":"https:\/\/inclusioaltemporda.cat\/portal\/larea-de-benestar-del-consell-comarcal-promou-el-projecte-lalt-emporda-una-comarca-inclusiva-amb-salut-i-sostenible\/","title":{"rendered":"L\u2019\u00e0rea de Benestar del Consell Comarcal promou el projecte &#8220;L\u2019Alt Empord\u00e0, una comarca inclusiva, amb salut i sostenible&#8221;"},"content":{"rendered":"<p lang=\"ca-ES\">El projecte &#8220;L\u2019Alt Empord\u00e0, una comarca inclusiva, amb salut i sostenible&#8221; que compta amb el suport econ\u00f2mic del <a href=\"https:\/\/www.dipsalut.cat\/area.html?a=7&amp;sub=24&amp;prog=222\" target=\"_blank\" rel=\"noopener\">Programa Benestar i Comunitat de Dipsalut<\/a>, t\u00e9 com a finalitat refor\u00e7ar els dispositius i recursos adre\u00e7ats a atendre les persones en situaci\u00f3 de major vulnerabilitat de la comarca, que tinguin com a objectiu millorar la seva qualitat de vida i l\u2019apoderament de la comunitat i les persones.<\/p>\n<p lang=\"ca-ES\">El projecte, que est\u00e0 promogut i impulsat per l&#8217;\u00e0rea de Benestar del Consell Comarcal de l&#8217;Alt Empord\u00e0, preveu el desplegament 2 programes durant el darrer semestre de l\u2019any 2018. Un primer programa que t\u00e9 com a objectiu garantir la cobertura dels drets econ\u00f2mics, socials i culturals de les persones i fam\u00edlies en situaci\u00f3 de vulnerabilitat de la comarca, incidint de forma positiva en els determinants de salut de la poblaci\u00f3. I un segon programa, que t\u00e9 com a objectiu refor\u00e7ar l\u2019apoderament de persones (autonomia i capacitats individuals) i les seves comunitats per tal que esdevinguin agents de transformaci\u00f3 de les seves condicions de vida, incorporant estrat\u00e8gies per facilitar suport emocional que, com a conseq\u00fc\u00e8ncia de la crisi econ\u00f2mica, veuen afectada la seva salut i el seu benestar emocional.<\/p>\n<p lang=\"ca-ES\">El projecte s\u2019ha s&#8217;ha elaborat conjuntament amb l&#8217;Ajuntament de Figueres i les entitats socials que actuen en el territori (C\u00e0ritas, Creu Roja i Fundaci\u00f3 Ser.Gi, Fundaci\u00f3 Escola Sant Vicen\u00e7 de Pa\u00fcl-Ksameu i Associaci\u00f3 Ranura), en el marc de la Taula per a la Inclusi\u00f3 i la Cohesi\u00f3 Social de l&#8217;Alt Empord\u00e0. Els diferents agents implicats en la definici\u00f3 s\u00f3n tamb\u00e9 els responsables de la implementaci\u00f3 de les diferents actuacions previstes en diferents municipis de la comarca<\/p>\n<p lang=\"ca-ES\">Els recursos i dispositius del projecte &#8220;L\u2019Alt Empord\u00e0, una comarca inclusiva, amb salut i sostenible&#8221; s\u00f3n:<\/p>\n<p lang=\"ca-ES\">1) Programa \u00abGarantir condicions de vida digna\u00bb<\/p>\n<p lang=\"ca-ES\">&#8211; Projecte d&#8217;alimentaci\u00f3 infantil (Creu Roja)<\/p>\n<p lang=\"ca-ES\">&#8211; Brigada d\u2019habitatge digne. (Fundaci\u00f3 Ser.Gi)<\/p>\n<p lang=\"ca-ES\">&#8211; Menjador social per a usuaris derivats dels Serveis Socials de Figueres (Ajuntament de Figueres)<\/p>\n<p lang=\"ca-ES\">&#8211; Ajuts a les fam\u00edlies per a cobrir necessitats b\u00e0siques (Consell Comarcal de l\u2019Alt Empord\u00e0)<\/p>\n<p lang=\"ca-ES\">2) Programa \u00abFomentar l\u2019autonomia i apoderament de les persones en situaci\u00f3 m\u00e9s vulnerable\u00bb<\/p>\n<p lang=\"ca-ES\">&#8211; Empoderament de dones d\u2019origen subsahari\u00e0 (Fundaci\u00f3 Ser.Gi)<\/p>\n<p lang=\"ca-ES\">&#8211; Grups d&#8217;apoderament per a fam\u00edlies (C\u00e0ritas)<\/p>\n<p lang=\"ca-ES\">&#8211; Projecte Punts d\u2019activaci\u00f3 (Creu Roja)<\/p>\n<p lang=\"ca-ES\">&#8211; Curs d\u2019alfabetitzaci\u00f3 b\u00e0sica i curs de catal\u00e0 de nivell neolectors (Creu Roja)<\/p>\n<p lang=\"ca-ES\">&#8211; Projecte Zona VIP (Associaci\u00f3 Ranura)<\/p>\n<p lang=\"ca-ES\">&#8211; Espai de trobada per a persones sense sostre (C\u00e0ritas)<\/p>\n<p lang=\"ca-ES\">-Projecte Espiadimonis (Fundaci\u00f3 Escola Sant Vicen\u00e7 de Pa\u00fcl-Ksameu)<\/p>\n<p lang=\"ca-ES\">&#8211; Projecte \u00c0ncora (Consell Comarcal de l\u2019Alt Empord\u00e0)<\/p>\n<p lang=\"ca-ES\">&#8211; Servei d&#8217;Intervenci\u00f3 Educativa (C\u00e0ritas)<\/p>\n","protected":false},"excerpt":{"rendered":"<p>El projecte, que compta amb el suport econ\u00f2mic del programa Benestar i Comunitat de Dipsalut s\u2019ha elaborat conjuntament amb administracions i entitats socials de la comarca<\/p>\n","protected":false},"author":2,"featured_media":6737,"comment_status":"closed","ping_status":"closed","sticky":false,"template":"","format":"standard","meta":{"footnotes":""},"categories":[106,100,101,104,1,108,12,102,11],"tags":[],"class_list":["post-6734","post","type-post","status-publish","format-standard","has-post-thumbnail","hentry","category-administracions","category-area-benestar","category-ciutadania","category-entitats-socials","category-general","category-mitjans-comunicacio","category-pla-dinclusio-2","category-professionals-ambit-social","category-taula-inclusio","category-106","category-100","category-101","category-104","category-1","category-108","category-12","category-102","category-11","description-off"],"_links":{"self":[{"href":"https:\/\/inclusioaltemporda.cat\/portal\/wp-json\/wp\/v2\/posts\/6734","targetHints":{"allow":["GET"]}}],"collection":[{"href":"https:\/\/inclusioaltemporda.cat\/portal\/wp-json\/wp\/v2\/posts"}],"about":[{"href":"https:\/\/inclusioaltemporda.cat\/portal\/wp-json\/wp\/v2\/types\/post"}],"author":[{"embeddable":true,"href":"https:\/\/inclusioaltemporda.cat\/portal\/wp-json\/wp\/v2\/users\/2"}],"replies":[{"embeddable":true,"href":"https:\/\/inclusioaltemporda.cat\/portal\/wp-json\/wp\/v2\/comments?post=6734"}],"version-history":[{"count":3,"href":"https:\/\/inclusioaltemporda.cat\/portal\/wp-json\/wp\/v2\/posts\/6734\/revisions"}],"predecessor-version":[{"id":7353,"href":"https:\/\/inclusioaltemporda.cat\/portal\/wp-json\/wp\/v2\/posts\/6734\/revisions\/7353"}],"wp:featuredmedia":[{"embeddable":true,"href":"https:\/\/inclusioaltemporda.cat\/portal\/wp-json\/wp\/v2\/media\/6737"}],"wp:attachment":[{"href":"https:\/\/inclusioaltemporda.cat\/portal\/wp-json\/wp\/v2\/media?parent=6734"}],"wp:term":[{"taxonomy":"category","embeddable":true,"href":"https:\/\/inclusioaltemporda.cat\/portal\/wp-json\/wp\/v2\/categories?post=6734"},{"taxonomy":"post_tag","embeddable":true,"href":"https:\/\/inclusioaltemporda.cat\/portal\/wp-json\/wp\/v2\/tags?post=6734"}],"curies":[{"name":"wp","href":"https:\/\/api.w.org\/{rel}","templated":true}]}}