{"id":6778,"date":"2018-08-29T08:13:31","date_gmt":"2018-08-29T07:13:31","guid":{"rendered":"https:\/\/inclusioaltemporda.cat\/portal\/?p=6778"},"modified":"2018-08-29T08:13:31","modified_gmt":"2018-08-29T07:13:31","slug":"nova-oferta-dactivitats-de-la-motxilla-pedagogica-per-al-curs-2018-19","status":"publish","type":"post","link":"https:\/\/inclusioaltemporda.cat\/portal\/nova-oferta-dactivitats-de-la-motxilla-pedagogica-per-al-curs-2018-19\/","title":{"rendered":"Nova oferta d&#8217;activitats de la Motxilla Pedag\u00f2gica per al curs 2018-19"},"content":{"rendered":"<p>Des del dia 1 de setembre ja es pot consultar l&#8217;oferta d&#8217;activitats de la <a href=\"http:\/\/www.altemporda.org\/portal\/benestar-social\/atencio-a-la-familia-infancia-adolescencia-i-dona\/motxilla-pedagogica\" target=\"_blank\" rel=\"noopener\">Motxilla Pedag\u00f2gica<\/a> del Consell Comarcal per al curs escolar 2018-2019, a trav\u00e9s del <a href=\"http:\/\/www.altemporda.org\/portal\/benestar-social\/atencio-a-la-familia-infancia-adolescencia-i-dona\/motxilla-pedagogica\/elements-de-la-motxilla\" target=\"_blank\" rel=\"noopener\">web espec\u00edfic<\/a> d&#8217;aquest recurs educatiu. Per a aquest curs la Motxilla Pedag\u00f2gica posa a disposici\u00f3 dels centres escolars de la comarca un total de 113 activitats i tallers, 29 dels quals van adre\u00e7ats a infants que cursen educaci\u00f3 prim\u00e0ria, i 84 activitats s&#8217;adrecen a alumnat de secund\u00e0ria de la comarca.<\/p>\n<p>La tramitaci\u00f3 on-line de la sol\u00b7licitud\u00a0d&#8217;activitats es realitza a partir d&#8217;un formulari electr\u00f2nic que \u00e9s necessari complimentar per a cadascuna de les activitats que es sol\u00b7licitin. Podeu accedir al formulari de sol\u00b7licitud a trav\u00e9s d&#8217;<a href=\"http:\/\/www.altemporda.org\/portal\/index.php?option=com_chronoforms&amp;chronoform=formulari_activitats_motxilla\" target=\"_blank\" rel=\"noopener\">aquest enlla\u00e7<\/a>.<\/p>\n<p><span lang=\"es\">La <\/span><span lang=\"es\">data m\u00e0xima<\/span><span lang=\"es\"> per a l&#8217;enviament de les sol\u00b7licituds de les activitats \u00e9s el\u00a026<\/span><span lang=\"es\"> d&#8217;octubre de 2018.<\/span><\/p>\n<p>La Motxilla Pedag\u00f2gica \u00e9s un recurs que recull tota l\u2019oferta educativa que\u00a0les diferents \u00e0rees del Consell Comarcal adrecen als centres educatius de la comarca. Les activitats i tallers que s&#8217;ofereixen dins aquest recurs educatiu estan organitzades a l&#8217;entorn de deu centres d&#8217;inter\u00e8s: educaci\u00f3 ambiental, interculturalitat i cultura de la pau, g\u00e8nere i prevenci\u00f3 de la viol\u00e8ncia,educaci\u00f3 per a la salut, consum, esports, treball i formaci\u00f3, noves tecnologies, joventut i altres recursos. Des del curs escolar 2010-2011 algunes de les activitats incloses a la Motxilla estan finan\u00e7ades en part pels centres educatius que les sol\u00b7liciten.<\/p>\n<p>La Motxilla Pedag\u00f2gica va oferir el passat curs escolar un total de 57 activitats, en les quals varen participar 1.425 alumnes altempordanesos.<\/p>\n","protected":false},"excerpt":{"rendered":"<p>La Motxilla Pedag\u00f2gica \u00e9s un recurs que aglutina tota l\u2019oferta educativa que des de les diferents \u00e0rees del Consell Comarcal s\u2019adre\u00e7a als centres educatius de la comarca<\/p>\n","protected":false},"author":2,"featured_media":5524,"comment_status":"closed","ping_status":"closed","sticky":false,"template":"","format":"standard","meta":{"footnotes":""},"categories":[106,100,101,103,1],"tags":[],"class_list":["post-6778","post","type-post","status-publish","format-standard","has-post-thumbnail","hentry","category-administracions","category-area-benestar","category-ciutadania","category-estudiants-escoles-instituts","category-general","category-106","category-100","category-101","category-103","category-1","description-off"],"_links":{"self":[{"href":"https:\/\/inclusioaltemporda.cat\/portal\/wp-json\/wp\/v2\/posts\/6778","targetHints":{"allow":["GET"]}}],"collection":[{"href":"https:\/\/inclusioaltemporda.cat\/portal\/wp-json\/wp\/v2\/posts"}],"about":[{"href":"https:\/\/inclusioaltemporda.cat\/portal\/wp-json\/wp\/v2\/types\/post"}],"author":[{"embeddable":true,"href":"https:\/\/inclusioaltemporda.cat\/portal\/wp-json\/wp\/v2\/users\/2"}],"replies":[{"embeddable":true,"href":"https:\/\/inclusioaltemporda.cat\/portal\/wp-json\/wp\/v2\/comments?post=6778"}],"version-history":[{"count":5,"href":"https:\/\/inclusioaltemporda.cat\/portal\/wp-json\/wp\/v2\/posts\/6778\/revisions"}],"predecessor-version":[{"id":6804,"href":"https:\/\/inclusioaltemporda.cat\/portal\/wp-json\/wp\/v2\/posts\/6778\/revisions\/6804"}],"wp:featuredmedia":[{"embeddable":true,"href":"https:\/\/inclusioaltemporda.cat\/portal\/wp-json\/wp\/v2\/media\/5524"}],"wp:attachment":[{"href":"https:\/\/inclusioaltemporda.cat\/portal\/wp-json\/wp\/v2\/media?parent=6778"}],"wp:term":[{"taxonomy":"category","embeddable":true,"href":"https:\/\/inclusioaltemporda.cat\/portal\/wp-json\/wp\/v2\/categories?post=6778"},{"taxonomy":"post_tag","embeddable":true,"href":"https:\/\/inclusioaltemporda.cat\/portal\/wp-json\/wp\/v2\/tags?post=6778"}],"curies":[{"name":"wp","href":"https:\/\/api.w.org\/{rel}","templated":true}]}}