{"id":6807,"date":"2018-09-07T17:13:50","date_gmt":"2018-09-07T16:13:50","guid":{"rendered":"https:\/\/inclusioaltemporda.cat\/portal\/?p=6807"},"modified":"2018-09-07T17:15:04","modified_gmt":"2018-09-07T16:15:04","slug":"seminari-transfronterer-a-figueres-sobre-formacio-per-a-lacollida-i-acompanyament-de-persones-estrangeres","status":"publish","type":"post","link":"https:\/\/inclusioaltemporda.cat\/portal\/seminari-transfronterer-a-figueres-sobre-formacio-per-a-lacollida-i-acompanyament-de-persones-estrangeres\/","title":{"rendered":"Seminari transfronterer a Figueres sobre formaci\u00f3 per a l&#8217;acollida i acompanyament de persones estrangeres"},"content":{"rendered":"<p align=\"justify\">L&#8217;\u00e0rea de Benestar del Consell Comarcal de l&#8217;Alt Empord\u00e0 i l&#8217;IRTS-Perpiny\u00e0, en tant que socis del <a href=\"https:\/\/www.prospectsaso.com\/\">projecte transfronterer PROSPECTSASO<\/a>, organitzen un nou seminari per\u00a0intercanviar coneixement i informaci\u00f3 a l&#8217;entorn de la formaci\u00f3 de professionals per a l&#8217;acollida i l&#8217;acompanyament de persones estrangeres a l&#8217;espai catal\u00e0 transfronterer.<\/p>\n<p align=\"justify\">Aquest \u00a0seminari\u00a0tindr\u00e0 lloc\u00a0el proper 27 de setembre al Centre C\u00edvic Joaquim Xirau de Figueres i comptar\u00e0 amb diversos ponents de les dues vessants de la frontera que exposaran i compartiran\u00a0les seves experi\u00e8ncies de treball.<\/p>\n<p align=\"justify\">En <a href=\"https:\/\/inclusioaltemporda.cat\/portal\/wp-content\/uploads\/SEMINARI-TRANSFRONTERER-27SET18.pdf\">aquest enlla\u00e7 trobareu el programa del seminari i l&#8217;acc\u00e9s a la inscripci\u00f3 online<\/a>. Tamb\u00e9 podeu confirmar la vostra assist\u00e8ncia al correu electr\u00f2nic inclusio@altemporda.cat o al tel\u00e8fon 972 67 70 50.\u00a0Les places s\u00f3n limitades i hi haur\u00e0 traducci\u00f3 simult\u00e0nia.<\/p>\n<p align=\"justify\">Aquest nou seminari permetr\u00e0 continuar el <a href=\"https:\/\/inclusioaltemporda.cat\/portal\/seminari-transfronterer-lacollida-de-persones-migrants-a-lespai-catala-transfronterer\/\">treball posat en marxa el mes de desembre passat <\/a>i dinamitzar la xarxa de professionals d&#8217;acollida i acompanyament de les persones estrangeres amb la qual compten\u00a0les administracions p\u00fabliques i les entitats socials de l&#8217;espai catal\u00e0 transfronterer. Si voleu, podeu consultar en aquest enlla\u00e7\u00a0la publicaci\u00f3<em><a href=\"https:\/\/inclusioaltemporda.cat\/portal\/wp-content\/uploads\/Prospectsaso_CAT_v2.pdf\"> Mirades sobre l&#8217;acollida de persones migrants: models i experi\u00e8ncies de treball a l&#8217;Alt Empord\u00e0 i els Pirineus Orientals<\/a><\/em><a href=\"https:\/\/inclusioaltemporda.cat\/portal\/wp-content\/uploads\/Prospectsaso_CAT_v2.pdf\"> portada a terme en el marc d&#8217;aquest projecte<\/a>.<\/p>\n","protected":false},"excerpt":{"rendered":"<p>L&#8217;\u00e0rea de Benestar del Consell Comarcal de l&#8217;Alt Empord\u00e0 i l&#8217;IRTS-Perpiny\u00e0, en tant que socis del projecte transfronterer PROSPECTSASO, organitzen un nou seminari per intercanviar coneixement i informaci\u00f3 a l&#8217;entorn de la formaci\u00f3 de professionals per a l&#8217;acollida i l&#8217;acompanyament de persones estrangeres a l&#8217;espai catal\u00e0 transfronterer a Figueres el proper 27 de setembre.<\/p>\n","protected":false},"author":3,"featured_media":6813,"comment_status":"closed","ping_status":"closed","sticky":false,"template":"","format":"standard","meta":{"footnotes":""},"categories":[106,33,100,107,104,1,108,102,115],"tags":[],"class_list":["post-6807","post","type-post","status-publish","format-standard","has-post-thumbnail","hentry","category-administracions","category-agenda","category-area-benestar","category-centres-recerca-universitats","category-entitats-socials","category-general","category-mitjans-comunicacio","category-professionals-ambit-social","category-projectes-transfronterers","category-106","category-33","category-100","category-107","category-104","category-1","category-108","category-102","category-115","description-off"],"_links":{"self":[{"href":"https:\/\/inclusioaltemporda.cat\/portal\/wp-json\/wp\/v2\/posts\/6807","targetHints":{"allow":["GET"]}}],"collection":[{"href":"https:\/\/inclusioaltemporda.cat\/portal\/wp-json\/wp\/v2\/posts"}],"about":[{"href":"https:\/\/inclusioaltemporda.cat\/portal\/wp-json\/wp\/v2\/types\/post"}],"author":[{"embeddable":true,"href":"https:\/\/inclusioaltemporda.cat\/portal\/wp-json\/wp\/v2\/users\/3"}],"replies":[{"embeddable":true,"href":"https:\/\/inclusioaltemporda.cat\/portal\/wp-json\/wp\/v2\/comments?post=6807"}],"version-history":[{"count":8,"href":"https:\/\/inclusioaltemporda.cat\/portal\/wp-json\/wp\/v2\/posts\/6807\/revisions"}],"predecessor-version":[{"id":7152,"href":"https:\/\/inclusioaltemporda.cat\/portal\/wp-json\/wp\/v2\/posts\/6807\/revisions\/7152"}],"wp:featuredmedia":[{"embeddable":true,"href":"https:\/\/inclusioaltemporda.cat\/portal\/wp-json\/wp\/v2\/media\/6813"}],"wp:attachment":[{"href":"https:\/\/inclusioaltemporda.cat\/portal\/wp-json\/wp\/v2\/media?parent=6807"}],"wp:term":[{"taxonomy":"category","embeddable":true,"href":"https:\/\/inclusioaltemporda.cat\/portal\/wp-json\/wp\/v2\/categories?post=6807"},{"taxonomy":"post_tag","embeddable":true,"href":"https:\/\/inclusioaltemporda.cat\/portal\/wp-json\/wp\/v2\/tags?post=6807"}],"curies":[{"name":"wp","href":"https:\/\/api.w.org\/{rel}","templated":true}]}}