{"id":6823,"date":"2018-09-17T09:57:38","date_gmt":"2018-09-17T08:57:38","guid":{"rendered":"https:\/\/inclusioaltemporda.cat\/portal\/?p=6823"},"modified":"2018-09-17T09:57:38","modified_gmt":"2018-09-17T08:57:38","slug":"formacio-per-a-professionals-que-imparteixen-alfabetitzacio-en-catala","status":"publish","type":"post","link":"https:\/\/inclusioaltemporda.cat\/portal\/formacio-per-a-professionals-que-imparteixen-alfabetitzacio-en-catala\/","title":{"rendered":"Formaci\u00f3 per a professionals que imparteixen alfabetitzaci\u00f3 en catal\u00e0"},"content":{"rendered":"<div>La setmana passada m\u00e9s de vint professionals que imparteixen alfabetitzaci\u00f3 en catal\u00e0 a les comarques gironines han assistir a un curs de formaci\u00f3 organitzat per l&#8217;Equip d&#8217;Inclusi\u00f3 i Atenci\u00f3 a la Comunitat\u00a0de l&#8217;\u00e0rea de Benestar.<\/div>\n<div><\/div>\n<div>Aquesta formaci\u00f3,\u00a0impartida al Consell Comarcal, d\u00f3na resposta\u00a0a la necessitat detectada d&#8217;oferir i compartir el m\u00e8tode d&#8217;ensenyament-aprenentatge entre formadors\/es que tenen\u00a0experi\u00e8ncia en l&#8217;alfabetitzaci\u00f3 d&#8217;adults.<\/div>\n<div><\/div>\n<div>Els objectius de la formaci\u00f3 han estat els seg\u00fcents: 1)\u00a0Informar sobre la metodologia, la programaci\u00f3 i la temporalitzaci\u00f3 dels cursos d&#8217;alfabetitzaci\u00f3 d&#8217;adults en catal\u00e0; 2)\u00a0La metodologia d&#8217;ensenyament emprada i fonts de recursos i 3)\u00a0Treballar bibliografia d&#8217;aprenentatge en entorns de multiculturalitat i pluriling\u00fcisme.<\/div>\n<div><\/div>\n<div>Aquesta\u00a0formaci\u00f3 ha tingut una acollida excepcional\u00a0entre\u00a0els professionals. Malauradament\u00a0no s&#8217;han pogut atendre totes les sol\u00b7licituds d&#8217;inscripci\u00f3 i es preveu fer una nova edici\u00f3 en un futur.<\/div>\n<div><\/div>\n<div>La formaci\u00f3 i el coneixement de la llengua facilita els processos i traject\u00f2ries d&#8217;inclusi\u00f3 social de la poblaci\u00f3 nouvinguda a la comarca\u00a0i forma part de l&#8217;estrat\u00e8gia de treball en xarxa\u00a0que estableix el<a href=\"https:\/\/inclusioaltemporda.cat\/portal\/wp-content\/uploads\/PLA-INCLUSI\u00d3_Vdef.pdf\"> Pla d&#8217;actuaci\u00f3 2017-2020 per a la Inclusi\u00f3 i la Cohesi\u00f3 Social de l&#8217;Alt Empord\u00e0<\/a>.<\/div>\n","protected":false},"excerpt":{"rendered":"<p>La setmana passada m\u00e9s de vint professionals que imparteixen alfabetitzaci\u00f3 en catal\u00e0 a les comarques gironines han assistir a un curs de formaci\u00f3 organitzat per l&#8217;Equip d&#8217;Inclusi\u00f3 i Atenci\u00f3 a la Comunitat de l&#8217;\u00e0rea de Benestar.<\/p>\n","protected":false},"author":3,"featured_media":6828,"comment_status":"closed","ping_status":"closed","sticky":false,"template":"","format":"standard","meta":{"footnotes":""},"categories":[106,100,101,104,103,1,108,12],"tags":[],"class_list":["post-6823","post","type-post","status-publish","format-standard","has-post-thumbnail","hentry","category-administracions","category-area-benestar","category-ciutadania","category-entitats-socials","category-estudiants-escoles-instituts","category-general","category-mitjans-comunicacio","category-pla-dinclusio-2","category-106","category-100","category-101","category-104","category-103","category-1","category-108","category-12","description-off"],"_links":{"self":[{"href":"https:\/\/inclusioaltemporda.cat\/portal\/wp-json\/wp\/v2\/posts\/6823","targetHints":{"allow":["GET"]}}],"collection":[{"href":"https:\/\/inclusioaltemporda.cat\/portal\/wp-json\/wp\/v2\/posts"}],"about":[{"href":"https:\/\/inclusioaltemporda.cat\/portal\/wp-json\/wp\/v2\/types\/post"}],"author":[{"embeddable":true,"href":"https:\/\/inclusioaltemporda.cat\/portal\/wp-json\/wp\/v2\/users\/3"}],"replies":[{"embeddable":true,"href":"https:\/\/inclusioaltemporda.cat\/portal\/wp-json\/wp\/v2\/comments?post=6823"}],"version-history":[{"count":4,"href":"https:\/\/inclusioaltemporda.cat\/portal\/wp-json\/wp\/v2\/posts\/6823\/revisions"}],"predecessor-version":[{"id":6829,"href":"https:\/\/inclusioaltemporda.cat\/portal\/wp-json\/wp\/v2\/posts\/6823\/revisions\/6829"}],"wp:featuredmedia":[{"embeddable":true,"href":"https:\/\/inclusioaltemporda.cat\/portal\/wp-json\/wp\/v2\/media\/6828"}],"wp:attachment":[{"href":"https:\/\/inclusioaltemporda.cat\/portal\/wp-json\/wp\/v2\/media?parent=6823"}],"wp:term":[{"taxonomy":"category","embeddable":true,"href":"https:\/\/inclusioaltemporda.cat\/portal\/wp-json\/wp\/v2\/categories?post=6823"},{"taxonomy":"post_tag","embeddable":true,"href":"https:\/\/inclusioaltemporda.cat\/portal\/wp-json\/wp\/v2\/tags?post=6823"}],"curies":[{"name":"wp","href":"https:\/\/api.w.org\/{rel}","templated":true}]}}