{"id":6831,"date":"2018-10-01T11:31:20","date_gmt":"2018-10-01T10:31:20","guid":{"rendered":"https:\/\/inclusioaltemporda.cat\/portal\/?p=6831"},"modified":"2018-10-01T11:37:19","modified_gmt":"2018-10-01T10:37:19","slug":"mes-de-50-professionals-participen-al-seminari-transfronterer-la-formacio-per-lacollida-i-lacompanyament-de-les-persones-estrangeres","status":"publish","type":"post","link":"https:\/\/inclusioaltemporda.cat\/portal\/mes-de-50-professionals-participen-al-seminari-transfronterer-la-formacio-per-lacollida-i-lacompanyament-de-les-persones-estrangeres\/","title":{"rendered":"M\u00e9s de 50 professionals participen en el Seminari transfronterer &#8220;La formaci\u00f3 per l&#8217;acollida i l&#8217;acompanyament de les persones estrangeres&#8221;"},"content":{"rendered":"<p align=\"justify\">Dijous passat va tenir lloc el <a href=\"https:\/\/inclusioaltemporda.cat\/portal\/wp-content\/uploads\/SEMINARI-TRANSFRONTERER-27SET18.pdf\" target=\"_blank\" rel=\"noopener\">Seminari transfronterer &#8220;La formaci\u00f3 per l&#8217;acollida i l&#8217;acompanyament de les persones estrangeres&#8221;<\/a>, organitzat per l&#8217;\u00e0rea de Benestar del Consell Comarcal de l&#8217;Alt Empord\u00e0 i l&#8217;IRTS-Perpiny\u00e0 en el marc del <a href=\"https:\/\/www.prospectsaso.com\/\" target=\"_blank\" rel=\"noopener\">projecte transfronterer PROSPECTSASO<\/a>, en el que van participar 55 professionals provinents de 23 institucions i entitats diferents.<\/p>\n<p align=\"justify\">El seminari, realitzat al Centre C\u00edvic Joaquim Xirau de Figueres, va comptar amb la participaci\u00f3 de diferents ponents i la presentaci\u00f3 d&#8217;experi\u00e8ncies de treball diverses en l&#8217;\u00e0mbit de l&#8217;acollida i l&#8217;acompanyament a persones estrangeres a Catalunya i Fran\u00e7a, que van permetre generar una reflexi\u00f3 sobre el rol dels professionals que atenen persones en aquest \u00e0mbit i la formaci\u00f3 espec\u00edfica que requereixen aquestes figures professionals.<\/p>\n<p align=\"justify\">Aquest seminari s&#8217;emmarca en l&#8217;activitat 4.3 del projecte PROSPECTSASO, liderada per l&#8217;\u00e0rea de Benestar del Consell Comarcal, que t\u00e9 com a objectiu dinamitzar la xarxa de professionals d&#8217;acollida i acompanyament de les persones estrangeres amb la qual compten\u00a0les administracions p\u00fabliques i les entitats socials de l&#8217;Espai Catal\u00e0 Transfronterer.<\/p>\n<p align=\"justify\">\n","protected":false},"excerpt":{"rendered":"<p>La sessi\u00f3 va comptar amb la participaci\u00f3 de professionals provinents de 23 institucions i entitats que treballen en l&#8217;\u00e0mbit de l&#8217;acollida i la gesti\u00f3 de la diversitat a l&#8217;espai transfronterer entre Catalunya i Fran\u00e7a.<\/p>\n","protected":false},"author":2,"featured_media":6832,"comment_status":"closed","ping_status":"closed","sticky":false,"template":"","format":"standard","meta":{"footnotes":""},"categories":[106,100,101,1,108,102,115],"tags":[],"class_list":["post-6831","post","type-post","status-publish","format-standard","has-post-thumbnail","hentry","category-administracions","category-area-benestar","category-ciutadania","category-general","category-mitjans-comunicacio","category-professionals-ambit-social","category-projectes-transfronterers","category-106","category-100","category-101","category-1","category-108","category-102","category-115","description-off"],"_links":{"self":[{"href":"https:\/\/inclusioaltemporda.cat\/portal\/wp-json\/wp\/v2\/posts\/6831","targetHints":{"allow":["GET"]}}],"collection":[{"href":"https:\/\/inclusioaltemporda.cat\/portal\/wp-json\/wp\/v2\/posts"}],"about":[{"href":"https:\/\/inclusioaltemporda.cat\/portal\/wp-json\/wp\/v2\/types\/post"}],"author":[{"embeddable":true,"href":"https:\/\/inclusioaltemporda.cat\/portal\/wp-json\/wp\/v2\/users\/2"}],"replies":[{"embeddable":true,"href":"https:\/\/inclusioaltemporda.cat\/portal\/wp-json\/wp\/v2\/comments?post=6831"}],"version-history":[{"count":5,"href":"https:\/\/inclusioaltemporda.cat\/portal\/wp-json\/wp\/v2\/posts\/6831\/revisions"}],"predecessor-version":[{"id":6837,"href":"https:\/\/inclusioaltemporda.cat\/portal\/wp-json\/wp\/v2\/posts\/6831\/revisions\/6837"}],"wp:featuredmedia":[{"embeddable":true,"href":"https:\/\/inclusioaltemporda.cat\/portal\/wp-json\/wp\/v2\/media\/6832"}],"wp:attachment":[{"href":"https:\/\/inclusioaltemporda.cat\/portal\/wp-json\/wp\/v2\/media?parent=6831"}],"wp:term":[{"taxonomy":"category","embeddable":true,"href":"https:\/\/inclusioaltemporda.cat\/portal\/wp-json\/wp\/v2\/categories?post=6831"},{"taxonomy":"post_tag","embeddable":true,"href":"https:\/\/inclusioaltemporda.cat\/portal\/wp-json\/wp\/v2\/tags?post=6831"}],"curies":[{"name":"wp","href":"https:\/\/api.w.org\/{rel}","templated":true}]}}