{"id":6840,"date":"2018-10-03T11:44:15","date_gmt":"2018-10-03T10:44:15","guid":{"rendered":"https:\/\/inclusioaltemporda.cat\/portal\/?p=6840"},"modified":"2018-10-03T11:46:33","modified_gmt":"2018-10-03T10:46:33","slug":"noves-dades-que-actualitzen-el-diagnostic-social-de-lalt-emporda","status":"publish","type":"post","link":"https:\/\/inclusioaltemporda.cat\/portal\/noves-dades-que-actualitzen-el-diagnostic-social-de-lalt-emporda\/","title":{"rendered":"Es publiquen noves dades que actualitzen el Diagn\u00f2stic Social de l&#8217;Alt Empord\u00e0"},"content":{"rendered":"<p lang=\"ca-ES\">L&#8217;Observatori Social de l&#8217;Alt Empord\u00e0 actualitza i publica el <a href=\"https:\/\/inclusioaltemporda.cat\/portal\/wp-content\/uploads\/DIAGN%C3%92STIC-SOCIAL-ALT-EMPORD%C3%80-2017.pdf\" target=\"_blank\" rel=\"noopener\">Diagn\u00f2stic Social de l\u2019Alt Empord\u00e0<\/a>. Aquest document forma part del proc\u00e9s d\u2019elaboraci\u00f3 de la <a href=\"https:\/\/inclusioaltemporda.cat\/portal\/wp-content\/uploads\/PLA-INCLUSI\u00d3_Vdef.pdf\" target=\"_blank\" rel=\"noopener\">Proposta d&#8217;actuaci\u00f3 2017-2020 del Pla per a la Inclusi\u00f3 i la Cohesi\u00f3 Social<\/a> de la comarca aprovat pel Ple de Consell Comarcal el mes de novembre de 2017.<\/p>\n<p lang=\"ca-ES\">El Diagn\u00f2stic Social t\u00e9 com a principals objectius aportar informaci\u00f3 rellevant sobre la realitat socioecon\u00f2mica i els processos d\u2019exclusi\u00f3 social a la comarca amb una clara voluntat d\u2019esdevenir un instrument d\u2019an\u00e0lisi que faciliti la reflexi\u00f3, el disseny i el desplegament de les pol\u00edtiques socials a l\u2019Alt Empord\u00e0. Aquestes pol\u00edtiques p\u00fabliques s\u2019han de poder desplegar amb totes les garanties i han de tenir en compte, a m\u00e9s a m\u00e9s, l\u2019especificitat de la realitat local i comarcal que sovint presenta caracter\u00edstiques diferenciades respecte d\u2019altres territoris o el conjunt del pa\u00eds.<\/p>\n<p lang=\"ca-ES\">Els efectes de la crisi econ\u00f2mica i social s\u2019han evidenciat en el per\u00edode 2008-2016 a l\u2019Alt Empord\u00e0, agreujant en molts casos les situacions de desigualtat social ja presents en el per\u00edode de pre-crisi. Com evidencia el <a href=\"https:\/\/inclusioaltemporda.cat\/portal\/wp-content\/uploads\/DIAGN\u00d2STIC-SOCIAL-ALT-EMPORD\u00c0-2017.pdf\" target=\"_blank\" rel=\"noopener\">Diagn\u00f2stic Social de l\u2019Alt Empord\u00e0<\/a>, publicat el gener de 2018, la crisi que estem vivint ha tingut conseq\u00fc\u00e8ncies directes sobre les economies familiars que han vist redu\u00eft el seu nivell de renda. D\u2019altra banda, el funcionament del mercat de treball ha vist refor\u00e7at la din\u00e0mica de precaritzaci\u00f3, i la situaci\u00f3 de l\u2019habitatge \u00e9s una problem\u00e0tica social de primer ordre a la comarca.<\/p>\n<p lang=\"ca-ES\">El Diagn\u00f2stic facilita informaci\u00f3 quantitativa i substantiva sobre els factors que expliquen els processos de risc i d\u2019exclusi\u00f3 social que afecten a persones i col\u00b7lectius de la comarca de l\u2019Alt Empord\u00e0. En aquest sentit presenta una an\u00e0lisi b\u00e0sica de la situaci\u00f3 socioecon\u00f2mica del territori i l\u2019evoluci\u00f3 dels principals indicadors socials i de risc d\u2019exclusi\u00f3 social. Sense un coneixement m\u00e9s acurat dels processos d\u2019exclusi\u00f3 social no es podran plantejar estrat\u00e8gies d\u2019abordatge que responguin adequadament als seus objectius.<\/p>\n<p lang=\"ca-ES\">Podeu descarregar el Diagn\u00f2stic Social de l\u2019Alt Empord\u00e0 a trav\u00e9s d\u2019<a href=\"https:\/\/inclusioaltemporda.cat\/portal\/wp-content\/uploads\/DIAGN\u00d2STIC-SOCIAL-ALT-EMPORD\u00c0-2017.pdf\" target=\"_blank\" rel=\"noopener\">aquest enlla\u00e7<\/a>.<\/p>\n<p lang=\"ca-ES\">Tamb\u00e9 podeu consultar la resta de publicacions i estudis elaborats L&#8217;Observatori Social de l&#8217;Alt Empord\u00e0 de l\u2019Equip d\u2019Inclusi\u00f3 i Atenci\u00f3 a la Comunitat del Consell Comarcal en <a href=\"https:\/\/inclusioaltemporda.cat\/portal\/publicacions\/\" target=\"_blank\" rel=\"noopener\">aquesta p\u00e0gina<\/a>.<\/p>\n<p>&nbsp;<\/p>\n<p>&nbsp;<\/p>\n<p>&nbsp;<\/p>\n<p>&nbsp;<\/p>\n<p>&nbsp;<\/p>\n","protected":false},"excerpt":{"rendered":"<p>El Diagn\u00f2stic Social t\u00e9 com a principals objectius aportar informaci\u00f3 rellevant sobre la realitat socioecon\u00f2mica i els processos d\u2019exclusi\u00f3 social a la comarca amb una clara voluntat d\u2019esdevenir un instrument d\u2019an\u00e0lisi que faciliti la reflexi\u00f3, el disseny i el desplegament de les pol\u00edtiques socials a l\u2019Alt Empord\u00e0.<\/p>\n","protected":false},"author":2,"featured_media":2578,"comment_status":"closed","ping_status":"closed","sticky":false,"template":"","format":"standard","meta":{"footnotes":""},"categories":[106,100,107,101,105,104,103,1,108,13,12],"tags":[],"class_list":["post-6840","post","type-post","status-publish","format-standard","has-post-thumbnail","hentry","category-administracions","category-area-benestar","category-centres-recerca-universitats","category-ciutadania","category-empreses","category-entitats-socials","category-estudiants-escoles-instituts","category-general","category-mitjans-comunicacio","category-observatori-inclusio-social-alt-emporda","category-pla-dinclusio-2","category-106","category-100","category-107","category-101","category-105","category-104","category-103","category-1","category-108","category-13","category-12","description-off"],"_links":{"self":[{"href":"https:\/\/inclusioaltemporda.cat\/portal\/wp-json\/wp\/v2\/posts\/6840","targetHints":{"allow":["GET"]}}],"collection":[{"href":"https:\/\/inclusioaltemporda.cat\/portal\/wp-json\/wp\/v2\/posts"}],"about":[{"href":"https:\/\/inclusioaltemporda.cat\/portal\/wp-json\/wp\/v2\/types\/post"}],"author":[{"embeddable":true,"href":"https:\/\/inclusioaltemporda.cat\/portal\/wp-json\/wp\/v2\/users\/2"}],"replies":[{"embeddable":true,"href":"https:\/\/inclusioaltemporda.cat\/portal\/wp-json\/wp\/v2\/comments?post=6840"}],"version-history":[{"count":2,"href":"https:\/\/inclusioaltemporda.cat\/portal\/wp-json\/wp\/v2\/posts\/6840\/revisions"}],"predecessor-version":[{"id":6842,"href":"https:\/\/inclusioaltemporda.cat\/portal\/wp-json\/wp\/v2\/posts\/6840\/revisions\/6842"}],"wp:featuredmedia":[{"embeddable":true,"href":"https:\/\/inclusioaltemporda.cat\/portal\/wp-json\/wp\/v2\/media\/2578"}],"wp:attachment":[{"href":"https:\/\/inclusioaltemporda.cat\/portal\/wp-json\/wp\/v2\/media?parent=6840"}],"wp:term":[{"taxonomy":"category","embeddable":true,"href":"https:\/\/inclusioaltemporda.cat\/portal\/wp-json\/wp\/v2\/categories?post=6840"},{"taxonomy":"post_tag","embeddable":true,"href":"https:\/\/inclusioaltemporda.cat\/portal\/wp-json\/wp\/v2\/tags?post=6840"}],"curies":[{"name":"wp","href":"https:\/\/api.w.org\/{rel}","templated":true}]}}