{"id":6846,"date":"2018-10-09T08:32:10","date_gmt":"2018-10-09T07:32:10","guid":{"rendered":"https:\/\/inclusioaltemporda.cat\/portal\/?p=6846"},"modified":"2018-10-09T11:28:27","modified_gmt":"2018-10-09T10:28:27","slug":"segona-jornada-de-formacio-per-a-entitats-a-lescala","status":"publish","type":"post","link":"https:\/\/inclusioaltemporda.cat\/portal\/segona-jornada-de-formacio-per-a-entitats-a-lescala\/","title":{"rendered":"Segona jornada de formaci\u00f3 per a entitats a l&#8217;Escala (20 d&#8217;octubre)"},"content":{"rendered":"<div>El proper 20 d&#8217;octubre tindr\u00e0 lloc la segona edici\u00f3 de la jornada de formaci\u00f3 per a entitats\u00a0en el marc\u00a0del <a href=\"https:\/\/inclusioaltemporda.cat\/portal\/programa-de-millora-social-del-pla-de-barris\/\" target=\"_blank\" rel=\"noopener\">Programa de Millora Social del Pla de Barris de l&#8217;Escala<\/a>.<\/div>\n<div><\/div>\n<div>Aquesta nova activitat formativa, que porta per t\u00edtol &#8220;Eines per millorar el finan\u00e7ament de les entitats i el treball en xarxa&#8221; t\u00e9 com a finalitat facilitar a les entitats escalenques un espai de treball i reflexi\u00f3 per\u00a0millorar els seus processos de treball i\u00a0enfortir la seva base social amb voluntariat. Podeu consultar el programa en <a href=\"https:\/\/inclusioaltemporda.cat\/portal\/wp-content\/uploads\/Cartell_Formaci\u00f3-20-octubre-2018.pdf\" target=\"_blank\" rel=\"noopener\">aquest enlla\u00e7<\/a>.<\/div>\n<div><\/div>\n<div>Aquesta formaci\u00f3\u00a0forma part de les accions que s&#8217;han posat en marxa per\u00a0fomentar el voluntariat de les entitats del municipi i refor\u00e7ar el teixit associatiu, i dona continu\u00eftat a la primera de formaci\u00f3 realitzada el passat 17 de febrer.<\/div>\n<div><\/div>\n<div>La sessi\u00f3 de formaci\u00f3 estar\u00e0 dinamitzada\u00a0per professionals de l&#8217;<a href=\"http:\/\/www.escolaelsol.org\/es\/index.htm\" target=\"_blank\" rel=\"noopener\">Escola Lliure El Sol<\/a>, una instituci\u00f3 no lucrativa fundada per la Fundaci\u00f3 Ferrer i Gu\u00e0rdia i Esplais Catalans, que avui \u00e9s referent de l&#8217;associacionisme, l&#8217;educaci\u00f3 i els drets civils. Trobareu el programa en aquest enlla\u00e7.<\/div>\n<div><\/div>\n<div>La\u00a0jornada de formaci\u00f3 tindr\u00e0 lloc el 20 d&#8217;octubre al Casal de la gent gran de l&#8217;Escala de 9:00 a 14:00h. Per poder participar en aquesta formaci\u00f3\u00a0 nom\u00e9s heu d&#8217;omplir <a href=\"https:\/\/docs.google.com\/forms\/d\/1z4AAkLsHUf5E6mGTkiCQ6QvwsNT7EucBq6xewHisGXI\/edit\" target=\"_blank\" rel=\"noopener\">aquest formulari<\/a>. La data l\u00edmit per a les inscripcions \u00e9s el 15 d&#8217;octubre.<\/div>\n<div><\/div>\n<div>Per a m\u00e9s informaci\u00f3 podeu contactar amb l&#8217;Oficina del Programa de Millora Social del Pla de Barris de l&#8217;Escala (Pl. de les Escoles, edifici de Can Masset, baixos \/\/ Telf.972.059.801)<\/div>\n","protected":false},"excerpt":{"rendered":"<p>Aquesta formaci\u00f3 forma part de les accions que s&#8217;han posat en marxa per fomentar el voluntariat de les entitats del municipi i refor\u00e7ar el teixit associatiu en el marc del Programa de Millora Social del Pla de Barris de L&#8217;Escala<\/p>\n","protected":false},"author":2,"featured_media":6539,"comment_status":"closed","ping_status":"closed","sticky":false,"template":"","format":"standard","meta":{"footnotes":""},"categories":[106,100,104,1,108,12],"tags":[],"class_list":["post-6846","post","type-post","status-publish","format-standard","has-post-thumbnail","hentry","category-administracions","category-area-benestar","category-entitats-socials","category-general","category-mitjans-comunicacio","category-pla-dinclusio-2","category-106","category-100","category-104","category-1","category-108","category-12","description-off"],"_links":{"self":[{"href":"https:\/\/inclusioaltemporda.cat\/portal\/wp-json\/wp\/v2\/posts\/6846","targetHints":{"allow":["GET"]}}],"collection":[{"href":"https:\/\/inclusioaltemporda.cat\/portal\/wp-json\/wp\/v2\/posts"}],"about":[{"href":"https:\/\/inclusioaltemporda.cat\/portal\/wp-json\/wp\/v2\/types\/post"}],"author":[{"embeddable":true,"href":"https:\/\/inclusioaltemporda.cat\/portal\/wp-json\/wp\/v2\/users\/2"}],"replies":[{"embeddable":true,"href":"https:\/\/inclusioaltemporda.cat\/portal\/wp-json\/wp\/v2\/comments?post=6846"}],"version-history":[{"count":6,"href":"https:\/\/inclusioaltemporda.cat\/portal\/wp-json\/wp\/v2\/posts\/6846\/revisions"}],"predecessor-version":[{"id":6854,"href":"https:\/\/inclusioaltemporda.cat\/portal\/wp-json\/wp\/v2\/posts\/6846\/revisions\/6854"}],"wp:featuredmedia":[{"embeddable":true,"href":"https:\/\/inclusioaltemporda.cat\/portal\/wp-json\/wp\/v2\/media\/6539"}],"wp:attachment":[{"href":"https:\/\/inclusioaltemporda.cat\/portal\/wp-json\/wp\/v2\/media?parent=6846"}],"wp:term":[{"taxonomy":"category","embeddable":true,"href":"https:\/\/inclusioaltemporda.cat\/portal\/wp-json\/wp\/v2\/categories?post=6846"},{"taxonomy":"post_tag","embeddable":true,"href":"https:\/\/inclusioaltemporda.cat\/portal\/wp-json\/wp\/v2\/tags?post=6846"}],"curies":[{"name":"wp","href":"https:\/\/api.w.org\/{rel}","templated":true}]}}