{"id":6856,"date":"2018-10-16T10:30:50","date_gmt":"2018-10-16T09:30:50","guid":{"rendered":"https:\/\/inclusioaltemporda.cat\/portal\/?p=6856"},"modified":"2018-10-16T10:31:21","modified_gmt":"2018-10-16T09:31:21","slug":"professionals-de-larea-de-benestar-participen-en-el-iii-congres-de-serveis-socials-de-catalunya","status":"publish","type":"post","link":"https:\/\/inclusioaltemporda.cat\/portal\/professionals-de-larea-de-benestar-participen-en-el-iii-congres-de-serveis-socials-de-catalunya\/","title":{"rendered":"Professionals de l&#8217;\u00e0rea de Benestar participen en el III Congr\u00e9s de Serveis Socials de Catalunya"},"content":{"rendered":"<p>Professionals de l&#8217;Equip d&#8217;Inclusi\u00f3 i Atenci\u00f3 a la Comunitat de l&#8217;\u00e0rea de Benestar del Consell Comarcal participen en el <a href=\"https:\/\/cssb.cat\/\" target=\"_blank\" rel=\"noopener\">III Congr\u00e9s de Serveis Socials de Catalunya<\/a> que es celebrar\u00e0 els dies 17 i 18 d&#8217;octubre a l&#8217;Hospitalet de Llobregat.<\/p>\n<p>Sota el lema &#8220;Acompanyament professional, transformaci\u00f3 col\u00b7lectiva&#8221;, el III Congr\u00e9s de Serveis Socials B\u00e0sics pret\u00e9n abordar la situaci\u00f3 actual i de futur dels Serveis Socials B\u00e0sics, tenint en compte especialment quin ha de ser el paper dels i les professionals. Podeu consultar el programa complet de l&#8217;activitat en <a href=\"https:\/\/cssb.cat\/programa\/\" target=\"_blank\" rel=\"noopener\">aquest enlla\u00e7<\/a>.<\/p>\n<p>L&#8217;\u00e0rea de Benestar participa i comparteix enguany dues experi\u00e8ncies de treball promogudes per l&#8217;Equip d&#8217;Inclusi\u00f3 i Atenci\u00f3 a la Comunitat. En primer lloc, el &#8220;Proc\u00e9s participatiu +60 Alt Empord\u00e0. Propostes per a l&#8217;envelliment actiu&#8221; a la Taula rodona &#8220;El treball comunitari: punt de trobada entre els professionals i la ciutadania&#8221;. I en segon lloc,el projecte de &#8220;Dones referents comunit\u00e0ries de l&#8217;Alt Empord\u00e0&#8221; en el marc de la Taula de comunicacions &#8220;La coresponsabilitat dels serveis&#8221;.<\/p>\n<p>Si voleu seguir aquest Congr\u00e9s ho podeu fer a trav\u00e9s del hastag <a href=\"https:\/\/twitter.com\/search?f=tweets&amp;vertical=default&amp;q=%23cssb18&amp;src=typd\" target=\"_blank\" rel=\"noopener\">#CSSB18<\/a><\/p>\n","protected":false},"excerpt":{"rendered":"<p>Organitzat pels Col\u00b7legis professionals de Treball Socials, Educaci\u00f3 Social, Psicologia i Pedagogia, el Congr\u00e9s centrar\u00e0 l&#8217;atenci\u00f3 en l&#8217;acompanyament professional i la transformaci\u00f3 col\u00b7lectiva.<\/p>\n","protected":false},"author":2,"featured_media":6857,"comment_status":"closed","ping_status":"closed","sticky":false,"template":"","format":"standard","meta":{"footnotes":""},"categories":[106,33,100,107,101,104,1,108,12,102],"tags":[],"class_list":["post-6856","post","type-post","status-publish","format-standard","has-post-thumbnail","hentry","category-administracions","category-agenda","category-area-benestar","category-centres-recerca-universitats","category-ciutadania","category-entitats-socials","category-general","category-mitjans-comunicacio","category-pla-dinclusio-2","category-professionals-ambit-social","category-106","category-33","category-100","category-107","category-101","category-104","category-1","category-108","category-12","category-102","description-off"],"_links":{"self":[{"href":"https:\/\/inclusioaltemporda.cat\/portal\/wp-json\/wp\/v2\/posts\/6856","targetHints":{"allow":["GET"]}}],"collection":[{"href":"https:\/\/inclusioaltemporda.cat\/portal\/wp-json\/wp\/v2\/posts"}],"about":[{"href":"https:\/\/inclusioaltemporda.cat\/portal\/wp-json\/wp\/v2\/types\/post"}],"author":[{"embeddable":true,"href":"https:\/\/inclusioaltemporda.cat\/portal\/wp-json\/wp\/v2\/users\/2"}],"replies":[{"embeddable":true,"href":"https:\/\/inclusioaltemporda.cat\/portal\/wp-json\/wp\/v2\/comments?post=6856"}],"version-history":[{"count":1,"href":"https:\/\/inclusioaltemporda.cat\/portal\/wp-json\/wp\/v2\/posts\/6856\/revisions"}],"predecessor-version":[{"id":6858,"href":"https:\/\/inclusioaltemporda.cat\/portal\/wp-json\/wp\/v2\/posts\/6856\/revisions\/6858"}],"wp:featuredmedia":[{"embeddable":true,"href":"https:\/\/inclusioaltemporda.cat\/portal\/wp-json\/wp\/v2\/media\/6857"}],"wp:attachment":[{"href":"https:\/\/inclusioaltemporda.cat\/portal\/wp-json\/wp\/v2\/media?parent=6856"}],"wp:term":[{"taxonomy":"category","embeddable":true,"href":"https:\/\/inclusioaltemporda.cat\/portal\/wp-json\/wp\/v2\/categories?post=6856"},{"taxonomy":"post_tag","embeddable":true,"href":"https:\/\/inclusioaltemporda.cat\/portal\/wp-json\/wp\/v2\/tags?post=6856"}],"curies":[{"name":"wp","href":"https:\/\/api.w.org\/{rel}","templated":true}]}}