{"id":6861,"date":"2018-10-22T09:51:39","date_gmt":"2018-10-22T08:51:39","guid":{"rendered":"https:\/\/inclusioaltemporda.cat\/portal\/?p=6861"},"modified":"2018-10-23T11:45:31","modified_gmt":"2018-10-23T10:45:31","slug":"vine-a-la-festa-el-nucli-antic-batega-a-lescala","status":"publish","type":"post","link":"https:\/\/inclusioaltemporda.cat\/portal\/vine-a-la-festa-el-nucli-antic-batega-a-lescala\/","title":{"rendered":"Vine a la Festa ! El nucli antic batega a l&#8217;Escala"},"content":{"rendered":"<p>El proper dissabte 27 d&#8217;octubre tindr\u00e0 lloc a l&#8217;Escala la Festa El Nucli Antic Batega, una iniciativa proposada per un grup de ve\u00efns i ve\u00efnes del nucli antic que ha estat recollida i dinamitzada pel programa de millora social del pla de barris de l&#8217;Escala.<\/p>\n<p>La Festa,\u00a0organitzada mitjan\u00e7ant comissions de treball amb els ve\u00efns i ve\u00efnes,\u00a0t\u00e9 com a finalitat\u00a0refor\u00e7ar el bon ve\u00efnatge i la\u00a0conviv\u00e8ncia al barri i ofereix\u00a0una jornada l\u00fadica\u00a0per refor\u00e7ar\u00a0el valor del nucli antic al llarg de l&#8217;any com a espai de vida quotidi\u00e0 i com\u00fa.<\/p>\n<p>Al llarg del proper dissabte es podr\u00e0 gaudir de la Festa en tres empla\u00e7aments:\u00a0la platja (Batuscala i\u00a0jocs del m\u00f3n), la pla\u00e7a V\u00edctor Catal\u00e0 (dinar popular amb m\u00fasica a c\u00e0rrec de l&#8217;Escola Municipal de M\u00fasica El Gavi\u00e0) i la pla\u00e7a de l&#8217;Ajuntament (havaneres amb el grup Oreig de Mar).<\/p>\n<p>Aquesta proposta es complementa amb l&#8217;Exposici\u00f3 el Nucli Antic Batega que s&#8217;inaugurar\u00e0 el mateix dissabte 27 d&#8217;octubre a les 16:00h. i que es podr\u00e0 visitar fins el 16 de novembre a la sala d&#8217;exposicions de l&#8217;Ajuntament. En aquesta Exposici\u00f3\u00a0han participat 14 ve\u00efns i ve\u00efnes\u00a0expressant les seves opinions\u00a0sobre diverses q\u00fcestions del nucli antic: la hist\u00f2ria i els records, l&#8217;acollida al poble, la vida quotidiana, la transformaci\u00f3 i remodelaci\u00f3 urbana i el futur.<\/p>\n<p>L&#8217;escriptora Montse Casta\u00f1o ha recollit les opinions dels ve\u00efns i ve\u00efnes i el fot\u00f2graf Basili Giron\u00e8s ha\u00a0 captat en imatges la diversitat del barri. L&#8217;Exposici\u00f3 \u00e9s una invitaci\u00f3 a recon\u00e8ixer l&#8217;energia humana i la pluralitat que batega en cadascun dels ve\u00efns i ve\u00efnes que han participat i mostra el nucli antic tal com \u00e9s: un territori hum\u00e0 obert al mar i a la vila, amb carrers i places plens de vida, emocions i batecs.<\/p>\n<p>El Programa de Millora Social del pla de Barris, gestionat per l&#8217;equip d&#8217;Inclusi\u00f3 i Atenci\u00f3 a la Comunitat del Consell Comarcal en col\u00b7laboraci\u00f3 amb l&#8217;Ajuntament de l&#8217;Escala, s&#8217;ha desplegat al llarg d&#8217;aquest any 2018 i ha perm\u00e8s promoure diverses accions per fomentar el bon ve\u00efnatge i la conviv\u00e8ncia al nucli antic, potenciar el voluntariat, refor\u00e7ar les entitats del municipi i dinamitzar la participaci\u00f3 dels ve\u00efns i ve\u00efnes en activitats diverses per millorar la inclusi\u00f3 i la cohesi\u00f3 social.<\/p>\n","protected":false},"excerpt":{"rendered":"<p>El proper dissabte 27 d&#8217;octubre tindr\u00e0 lloc a l&#8217;Escala la Festa El Nucli Antic Batega, una iniciativa proposada per un grup de ve\u00efns i ve\u00efnes del nucli antic que ha estat recollida i dinamitzada pel Programa de Millora Social del Pla de Barris de l&#8217;Escala.<\/p>\n","protected":false},"author":3,"featured_media":6867,"comment_status":"closed","ping_status":"closed","sticky":false,"template":"","format":"standard","meta":{"footnotes":""},"categories":[106,33,101,104,1,108,12],"tags":[],"class_list":["post-6861","post","type-post","status-publish","format-standard","has-post-thumbnail","hentry","category-administracions","category-agenda","category-ciutadania","category-entitats-socials","category-general","category-mitjans-comunicacio","category-pla-dinclusio-2","category-106","category-33","category-101","category-104","category-1","category-108","category-12","description-off"],"_links":{"self":[{"href":"https:\/\/inclusioaltemporda.cat\/portal\/wp-json\/wp\/v2\/posts\/6861","targetHints":{"allow":["GET"]}}],"collection":[{"href":"https:\/\/inclusioaltemporda.cat\/portal\/wp-json\/wp\/v2\/posts"}],"about":[{"href":"https:\/\/inclusioaltemporda.cat\/portal\/wp-json\/wp\/v2\/types\/post"}],"author":[{"embeddable":true,"href":"https:\/\/inclusioaltemporda.cat\/portal\/wp-json\/wp\/v2\/users\/3"}],"replies":[{"embeddable":true,"href":"https:\/\/inclusioaltemporda.cat\/portal\/wp-json\/wp\/v2\/comments?post=6861"}],"version-history":[{"count":3,"href":"https:\/\/inclusioaltemporda.cat\/portal\/wp-json\/wp\/v2\/posts\/6861\/revisions"}],"predecessor-version":[{"id":6906,"href":"https:\/\/inclusioaltemporda.cat\/portal\/wp-json\/wp\/v2\/posts\/6861\/revisions\/6906"}],"wp:featuredmedia":[{"embeddable":true,"href":"https:\/\/inclusioaltemporda.cat\/portal\/wp-json\/wp\/v2\/media\/6867"}],"wp:attachment":[{"href":"https:\/\/inclusioaltemporda.cat\/portal\/wp-json\/wp\/v2\/media?parent=6861"}],"wp:term":[{"taxonomy":"category","embeddable":true,"href":"https:\/\/inclusioaltemporda.cat\/portal\/wp-json\/wp\/v2\/categories?post=6861"},{"taxonomy":"post_tag","embeddable":true,"href":"https:\/\/inclusioaltemporda.cat\/portal\/wp-json\/wp\/v2\/tags?post=6861"}],"curies":[{"name":"wp","href":"https:\/\/api.w.org\/{rel}","templated":true}]}}