{"id":6869,"date":"2018-11-13T08:00:30","date_gmt":"2018-11-13T07:00:30","guid":{"rendered":"https:\/\/inclusioaltemporda.cat\/portal\/?p=6869"},"modified":"2018-11-13T08:35:08","modified_gmt":"2018-11-13T07:35:08","slug":"jornada-de-formacio-la-intervencio-comunitaria-com-a-estrategia-dempoderament-collectiu-ens-hi-posem","status":"publish","type":"post","link":"https:\/\/inclusioaltemporda.cat\/portal\/jornada-de-formacio-la-intervencio-comunitaria-com-a-estrategia-dempoderament-collectiu-ens-hi-posem\/","title":{"rendered":"Jornada de formaci\u00f3 &#8220;La intervenci\u00f3 comunit\u00e0ria com a estrat\u00e8gia d&#8217;empoderament col\u00b7lectiu. Ens hi posem?&#8221;"},"content":{"rendered":"<p>El proper dissabte 17 de novembre tindr\u00e0 lloc a L&#8217;Escala la Jornada de formaci\u00f3 per entitats i voluntariat &#8220;La intervenci\u00f3 comunit\u00e0ria com a estrat\u00e8gia d&#8217;empoderament col\u00b7lectiu. Ens hi posem?&#8221; organitzada per la <a href=\"https:\/\/inclusioaltemporda.cat\/portal\/taula-dinclusio\/\" target=\"_blank\" rel=\"noopener\">Taula d\u2019Entitats d\u2019Inclusi\u00f3 Social<\/a> i el <a href=\"https:\/\/www.altemporda.org\/portal\/\">Consell Comarcal de l\u2019Alt Empord\u00e0<\/a>, amb la col\u00b7laboraci\u00f3 de l&#8217;<a href=\"http:\/\/www.lescala.cat\/\" target=\"_blank\" rel=\"noopener\">Ajuntament de l&#8217;Escala<\/a>.<\/p>\n<p>Aquesta jornada, que se celebrar\u00e0 a la <a href=\"https:\/\/goo.gl\/maps\/3QebCajfHmz\" target=\"_blank\" rel=\"noopener\">Sala d&#8217;actes de l&#8217;Ajuntament de l&#8217;Escala<\/a> de 9:30h a 17:00h, t\u00e9 com a finalitat promoure la reflexi\u00f3 i el debat a l\u2019entorn l&#8217;acci\u00f3 comunit\u00e0ria i la gesti\u00f3 de la diversitat en els equips professionals i el voluntariat de les entitats.<\/p>\n<p>La primera part de la jornada comptar\u00e0 amb la pon\u00e8ncia inaugural \u201cLa intervenci\u00f3 comunit\u00e0ria com a marc d&#8217;empoderament de les entitats i la ciutadania\u201d a c\u00e0rrec de Jordi Gusi, gerent d&#8217;Entitats Catalanes d&#8217;Acci\u00f3 Social (ECAS). A continuaci\u00f3 hi ha prevista la taula de debat &#8220;Experi\u00e8ncies d&#8217;intervenci\u00f3 comunit\u00e0ria en contextos de diversitat intercultural&#8221; que comptar\u00e0 amb la participaci\u00f3 de la <a href=\"http:\/\/www.fundaciosergi.org\/\" target=\"_blank\" rel=\"noopener\">Fundaci\u00f3 Ser.Gi<\/a>, el Servei d&#8217;Atenci\u00f3 a la Comunitat del <a href=\"http:\/\/www.casg.cat\/\" target=\"_blank\" rel=\"noopener\">Consorci d&#8217;Acci\u00f3 Social de la Garrota<\/a> i el <a href=\"http:\/\/collectiuimes.com\/\">Col\u00b7lectiu i+, professional per la diversitat<\/a>.<\/p>\n<p>La sessi\u00f3 de tarda continuar\u00e0 amb el taller &#8220;Desmuntant rumors i prejudicis sobre la diversitat cultural en el dia a dia de les entitats i voluntariat, dinamitzat per Carolina Astudillo del <a href=\"http:\/\/collectiuimes.com\/\" target=\"_blank\" rel=\"noopener\">Col\u00b7lectiu i+, professionals per la diversitat<\/a><\/p>\n<p>La jornada es podr\u00e0 seguir a trav\u00e9s del compte de twitter <a href=\"https:\/\/twitter.com\/AEmpordainclou\" target=\"_blank\" rel=\"noopener\">@AEmpordainclou<\/a><\/p>\n<p>Podeu consultar el programa de la jornada en <a href=\"https:\/\/inclusioaltemporda.cat\/portal\/wp-content\/uploads\/Programa-Taula-2018.pdf\" target=\"_blank\" rel=\"noopener\">aquest enlla\u00e7<\/a>.<\/p>\n<p>\u00c9s imprescindible fer la inscripci\u00f3 a trav\u00e9s d&#8217;<a href=\"https:\/\/inclusioaltemporda.cat\/portal\/jornada-inscripcions\/\" target=\"_blank\" rel=\"noopener\">aquest formulari<\/a> abans del dia 15 de novembre per poder participar a la Jornada. La inscripci\u00f3 \u00e9s gratu\u00efta, inclou el dinar i es far\u00e0 per ordre de registre. Les places s\u00f3n limitades.<\/p>\n<p>Per a m\u00e9s informaci\u00f3 podeu contactar amb el Consell Comarcal de l\u2019Alt Empord\u00e0 al tel\u00e8fon 972.67.70.50 (de 9h a 14h) o a trav\u00e9s del correu electr\u00f2nic inclusio@altemporda.cat.<\/p>\n<p>Aquesta \u00e9s una iniciativa de la Taula d\u2019Inclusi\u00f3 de l\u2019Alt Empord\u00e0 amb l\u2019objectiu d\u2019oferir un espai de formaci\u00f3 proper i de qualitat a les entitats de la comarca, que aquest any celebra la seva cinquena edici\u00f3.<\/p>\n<p>&nbsp;<\/p>\n<p>&nbsp;<\/p>\n","protected":false},"excerpt":{"rendered":"<p>El dissabte 17 de novembre tindr\u00e0 lloc a L&#8217;Escala la Jornada de formaci\u00f3 anual per entitats i voluntariat organitzada per la Taula d&#8217;Inclusi\u00f3 de l&#8217;Alt Empord\u00e0 i el Consell Comarcal<\/p>\n","protected":false},"author":2,"featured_media":5281,"comment_status":"closed","ping_status":"closed","sticky":false,"template":"","format":"standard","meta":{"footnotes":""},"categories":[106,33,100,101,105,104,103,1,12,11],"tags":[],"class_list":["post-6869","post","type-post","status-publish","format-standard","has-post-thumbnail","hentry","category-administracions","category-agenda","category-area-benestar","category-ciutadania","category-empreses","category-entitats-socials","category-estudiants-escoles-instituts","category-general","category-pla-dinclusio-2","category-taula-inclusio","category-106","category-33","category-100","category-101","category-105","category-104","category-103","category-1","category-12","category-11","description-off"],"_links":{"self":[{"href":"https:\/\/inclusioaltemporda.cat\/portal\/wp-json\/wp\/v2\/posts\/6869","targetHints":{"allow":["GET"]}}],"collection":[{"href":"https:\/\/inclusioaltemporda.cat\/portal\/wp-json\/wp\/v2\/posts"}],"about":[{"href":"https:\/\/inclusioaltemporda.cat\/portal\/wp-json\/wp\/v2\/types\/post"}],"author":[{"embeddable":true,"href":"https:\/\/inclusioaltemporda.cat\/portal\/wp-json\/wp\/v2\/users\/2"}],"replies":[{"embeddable":true,"href":"https:\/\/inclusioaltemporda.cat\/portal\/wp-json\/wp\/v2\/comments?post=6869"}],"version-history":[{"count":9,"href":"https:\/\/inclusioaltemporda.cat\/portal\/wp-json\/wp\/v2\/posts\/6869\/revisions"}],"predecessor-version":[{"id":6927,"href":"https:\/\/inclusioaltemporda.cat\/portal\/wp-json\/wp\/v2\/posts\/6869\/revisions\/6927"}],"wp:featuredmedia":[{"embeddable":true,"href":"https:\/\/inclusioaltemporda.cat\/portal\/wp-json\/wp\/v2\/media\/5281"}],"wp:attachment":[{"href":"https:\/\/inclusioaltemporda.cat\/portal\/wp-json\/wp\/v2\/media?parent=6869"}],"wp:term":[{"taxonomy":"category","embeddable":true,"href":"https:\/\/inclusioaltemporda.cat\/portal\/wp-json\/wp\/v2\/categories?post=6869"},{"taxonomy":"post_tag","embeddable":true,"href":"https:\/\/inclusioaltemporda.cat\/portal\/wp-json\/wp\/v2\/tags?post=6869"}],"curies":[{"name":"wp","href":"https:\/\/api.w.org\/{rel}","templated":true}]}}