{"id":6877,"date":"2018-10-23T09:11:40","date_gmt":"2018-10-23T08:11:40","guid":{"rendered":"https:\/\/inclusioaltemporda.cat\/portal\/?p=6877"},"modified":"2018-11-05T10:13:42","modified_gmt":"2018-11-05T09:13:42","slug":"xiii-jornades-de-formacio-per-a-professionals-de-llars-dinfants-infancia-vulnerable-deteccio-i-acompanyament-educatiu-en-situacio-de-risc","status":"publish","type":"post","link":"https:\/\/inclusioaltemporda.cat\/portal\/xiii-jornades-de-formacio-per-a-professionals-de-llars-dinfants-infancia-vulnerable-deteccio-i-acompanyament-educatiu-en-situacio-de-risc\/","title":{"rendered":"XIII Jornades de formaci\u00f3 per a professionals de llars d&#8217;infants &#8220;Inf\u00e0ncia vulnerable: detecci\u00f3 i acompanyament educatiu en situaci\u00f3 de risc"},"content":{"rendered":"<p>La Unitat de Serveis d&#8217;Intervenci\u00f3 Socioeducativa de l&#8217;\u00e0rea de Benestar del Consell Comarcal organitza les XIII Jornades de formaci\u00f3 per a professionals de llars d&#8217;infants de primer cicle d&#8217;educaci\u00f3 infantil de la comarca amb la voluntat d&#8217;oferir un espai de formaci\u00f3 de proximitat als professionals de l&#8217;\u00e0mbit educatiu de 0-3 anys.<\/p>\n<p>Les Jornades de formaci\u00f3, que tenen car\u00e0cter biennal, enguany versaran sobre la tem\u00e0tica la detecci\u00f3 i acompanyament educatiu en situacions de risc, i seran impartides per la Meritxell Pom\u00e9s Juncosa, que \u00e9s Llicenciada en Pedagogia, educadora social i coordinadora del Servei Servei d&#8217;Intervenci\u00f3 Socioeducativa a la comarca de l&#8217;Alt Empord\u00e0, i Cristina Cantarero de Pedro, Llicenciada en Psicologia i coordinadora de l&#8217;Equip d&#8217;Atenci\u00f3 a la Inf\u00e0ncia i Adolesc\u00e8ncia (EAIA)<\/p>\n<p>La present edici\u00f3 de les Jornades de formaci\u00f3 es celebrar\u00e0 el dissabte 1 de desembre de 9 a 14h a la sala d&#8217;actes del Consell Comarcal de l&#8217;Alt Empord\u00e0 (carrer Nou, 48 de Figueres). L&#8217;activitat t\u00e9 un cost de 10\u20ac.<\/p>\n<p>Si esteu interessats en inscriure-us a les jornades heu de fer arribar <a href=\"https:\/\/inclusioaltemporda.cat\/portal\/wp-content\/uploads\/full-inscripci\u00f3-2.doc\" target=\"_blank\" rel=\"noopener\">aquest full d&#8217;inscripci\u00f3<\/a> i el comprovant de pagament de la inscripci\u00f3 a les depend\u00e8ncies de l&#8217;\u00c0rea de Benestar del Consell Comarcal (carrer Nou, 48 de Figueres) abans del dia 22 de novembre. Podeu consultar el <a href=\"https:\/\/inclusioaltemporda.cat\/portal\/wp-content\/uploads\/D\u00cdPTIC-2018.pdf\" target=\"_blank\" rel=\"noopener\">programa complet<\/a> en aquest enlla\u00e7. Per a m\u00e9s informaci\u00f3 tamb\u00e9 podeu contactar amb l&#8217;organitzaci\u00f3 a trav\u00e9s del tel\u00e8fon 972.67.70.50.<\/p>\n","protected":false},"excerpt":{"rendered":"<p>Les Jornades de formaci\u00f3, que tenen car\u00e0cter biennal, enguany versaran sobre la tem\u00e0tica la detecci\u00f3 i acompanyament educatiu en situacions de risc<\/p>\n","protected":false},"author":2,"featured_media":6880,"comment_status":"closed","ping_status":"closed","sticky":false,"template":"","format":"standard","meta":{"footnotes":""},"categories":[106,100,103,1,108,12,102],"tags":[],"class_list":["post-6877","post","type-post","status-publish","format-standard","has-post-thumbnail","hentry","category-administracions","category-area-benestar","category-estudiants-escoles-instituts","category-general","category-mitjans-comunicacio","category-pla-dinclusio-2","category-professionals-ambit-social","category-106","category-100","category-103","category-1","category-108","category-12","category-102","description-off"],"_links":{"self":[{"href":"https:\/\/inclusioaltemporda.cat\/portal\/wp-json\/wp\/v2\/posts\/6877","targetHints":{"allow":["GET"]}}],"collection":[{"href":"https:\/\/inclusioaltemporda.cat\/portal\/wp-json\/wp\/v2\/posts"}],"about":[{"href":"https:\/\/inclusioaltemporda.cat\/portal\/wp-json\/wp\/v2\/types\/post"}],"author":[{"embeddable":true,"href":"https:\/\/inclusioaltemporda.cat\/portal\/wp-json\/wp\/v2\/users\/2"}],"replies":[{"embeddable":true,"href":"https:\/\/inclusioaltemporda.cat\/portal\/wp-json\/wp\/v2\/comments?post=6877"}],"version-history":[{"count":2,"href":"https:\/\/inclusioaltemporda.cat\/portal\/wp-json\/wp\/v2\/posts\/6877\/revisions"}],"predecessor-version":[{"id":6882,"href":"https:\/\/inclusioaltemporda.cat\/portal\/wp-json\/wp\/v2\/posts\/6877\/revisions\/6882"}],"wp:featuredmedia":[{"embeddable":true,"href":"https:\/\/inclusioaltemporda.cat\/portal\/wp-json\/wp\/v2\/media\/6880"}],"wp:attachment":[{"href":"https:\/\/inclusioaltemporda.cat\/portal\/wp-json\/wp\/v2\/media?parent=6877"}],"wp:term":[{"taxonomy":"category","embeddable":true,"href":"https:\/\/inclusioaltemporda.cat\/portal\/wp-json\/wp\/v2\/categories?post=6877"},{"taxonomy":"post_tag","embeddable":true,"href":"https:\/\/inclusioaltemporda.cat\/portal\/wp-json\/wp\/v2\/tags?post=6877"}],"curies":[{"name":"wp","href":"https:\/\/api.w.org\/{rel}","templated":true}]}}