{"id":6883,"date":"2018-11-12T08:15:01","date_gmt":"2018-11-12T07:15:01","guid":{"rendered":"https:\/\/inclusioaltemporda.cat\/portal\/?p=6883"},"modified":"2018-11-13T08:23:11","modified_gmt":"2018-11-13T07:23:11","slug":"cursos-dacollida-a-llanca-i-larmentera","status":"publish","type":"post","link":"https:\/\/inclusioaltemporda.cat\/portal\/cursos-dacollida-a-llanca-i-larmentera\/","title":{"rendered":"Cursos d&#8217;acollida a Llan\u00e7\u00e0 i l&#8217;Armentera"},"content":{"rendered":"<p>L&#8217;Equip d&#8217;Inclusi\u00f3 i Atenci\u00f3 a la Comunitat del Consell Comarcal est\u00e0 duent a terme durant els mesos d&#8217;octubre i novembre dos cursos de primera acollida adre\u00e7ats a persones nouvingudes a la comarca, centrats en el coneixement de la societat catalana i el seu marc jur\u00eddic.<\/p>\n<p>Els dos curos, organitzats als municipis de Llan\u00e7\u00e0 i l&#8217;Armentera, compten amb el finan\u00e7ament del Fons Social Europeu i el Suport de la Secretaria d&#8217;Igualtat, Migracions i Ciutadania de la Generalitat de Catalunya i els ajuntaments respectius. Les dades espec\u00edfiques de cadascun dels cursos s\u00f3n:<\/p>\n<ul>\n<li>Llan\u00e7\u00e0: del 22 al 26 d&#8217;octubre a la Sala de confer\u00e8ncies de la Casa de Cultura del municipi<\/li>\n<li>Armentera: del 12 als 16 de novembre a la Sala de Plens de l&#8217;ajuntament.<\/li>\n<\/ul>\n<p align=\"justify\">Per poder obtenir el certificat d\u2019acollida, tal com estableix el Reglament d\u2019Acollida de la Generalitat de Catalunya, cal acreditar la participaci\u00f3 en tres m\u00f2duls de formaci\u00f3: un m\u00f2dul (A) per aprendre catal\u00e0 i castell\u00e0 amb un m\u00ednim de 90 hores de formaci\u00f3 en cadascuna de les dues lleng\u00fces oficials, un m\u00f2dul (B) sobre coneixements laborals amb una durada m\u00ednima de 15 hores i un tercer m\u00f2dul (C) sobre coneixement de la societat catalana i del seu marc jur\u00eddic amb un m\u00ednim de 15 hores.<\/p>\n","protected":false},"excerpt":{"rendered":"<p>L&#8217;Equip d&#8217;Inclusi\u00f3 i Atenci\u00f3 a la Comunitat del Consell Comarcal est\u00e0 duent a terme durant els mesos d&#8217;octubre i novembre dos cursos de primera acollida adre\u00e7ats a persones nouvingudes a la comarca<\/p>\n","protected":false},"author":2,"featured_media":6379,"comment_status":"closed","ping_status":"closed","sticky":false,"template":"","format":"standard","meta":{"footnotes":""},"categories":[106,100,101,1,12],"tags":[],"class_list":["post-6883","post","type-post","status-publish","format-standard","has-post-thumbnail","hentry","category-administracions","category-area-benestar","category-ciutadania","category-general","category-pla-dinclusio-2","category-106","category-100","category-101","category-1","category-12","description-off"],"_links":{"self":[{"href":"https:\/\/inclusioaltemporda.cat\/portal\/wp-json\/wp\/v2\/posts\/6883","targetHints":{"allow":["GET"]}}],"collection":[{"href":"https:\/\/inclusioaltemporda.cat\/portal\/wp-json\/wp\/v2\/posts"}],"about":[{"href":"https:\/\/inclusioaltemporda.cat\/portal\/wp-json\/wp\/v2\/types\/post"}],"author":[{"embeddable":true,"href":"https:\/\/inclusioaltemporda.cat\/portal\/wp-json\/wp\/v2\/users\/2"}],"replies":[{"embeddable":true,"href":"https:\/\/inclusioaltemporda.cat\/portal\/wp-json\/wp\/v2\/comments?post=6883"}],"version-history":[{"count":2,"href":"https:\/\/inclusioaltemporda.cat\/portal\/wp-json\/wp\/v2\/posts\/6883\/revisions"}],"predecessor-version":[{"id":6923,"href":"https:\/\/inclusioaltemporda.cat\/portal\/wp-json\/wp\/v2\/posts\/6883\/revisions\/6923"}],"wp:featuredmedia":[{"embeddable":true,"href":"https:\/\/inclusioaltemporda.cat\/portal\/wp-json\/wp\/v2\/media\/6379"}],"wp:attachment":[{"href":"https:\/\/inclusioaltemporda.cat\/portal\/wp-json\/wp\/v2\/media?parent=6883"}],"wp:term":[{"taxonomy":"category","embeddable":true,"href":"https:\/\/inclusioaltemporda.cat\/portal\/wp-json\/wp\/v2\/categories?post=6883"},{"taxonomy":"post_tag","embeddable":true,"href":"https:\/\/inclusioaltemporda.cat\/portal\/wp-json\/wp\/v2\/tags?post=6883"}],"curies":[{"name":"wp","href":"https:\/\/api.w.org\/{rel}","templated":true}]}}