{"id":6885,"date":"2018-11-08T09:00:41","date_gmt":"2018-11-08T08:00:41","guid":{"rendered":"https:\/\/inclusioaltemporda.cat\/portal\/?p=6885"},"modified":"2018-11-06T10:06:18","modified_gmt":"2018-11-06T09:06:18","slug":"professionals-de-larea-de-benestar-participen-al-seminari-transversal-i-el-comite-de-pilotatge-del-projecte-prospectsaso","status":"publish","type":"post","link":"https:\/\/inclusioaltemporda.cat\/portal\/professionals-de-larea-de-benestar-participen-al-seminari-transversal-i-el-comite-de-pilotatge-del-projecte-prospectsaso\/","title":{"rendered":"Professionals de l&#8217;\u00e0rea de benestar participen al Seminari transversal i el Comit\u00e8 de Pilotatge del projecte PROSPECTSASO"},"content":{"rendered":"<p>Els dies 8 i 9 de novembre un equip de professionals de l&#8217;\u00e0rea de Benestar del Consell Comarcal de l&#8217;Alt Empord\u00e0 est\u00e0 participant en dues sessions de treball organitzades a Perpiny\u00e0 en el marc del <a href=\"https:\/\/www.prospectsaso.com\/ca\/\" target=\"_blank\" rel=\"noopener\">projecte transfronterer PROSPECTSASO<\/a>.<\/p>\n<p>Concretament es tracta del <a href=\"https:\/\/inclusioaltemporda.cat\/portal\/wp-content\/uploads\/CAT_S\u00e9minaire-transversal-2.pdf\">2n Seminari transversal del projecte<\/a>, que estar\u00e0 centrat en la innovaci\u00f3 en la participaci\u00f3 de les persones en els dispositius i activitats sociosanit\u00e0ries, que es dur\u00e0 a terme el 8 de novembre, i del Comit\u00e8 de Pilotatge del projecte, m\u00e0xim \u00f2rgan de governan\u00e7a del projecte, que es celebrar\u00e0 el 9 de novembre. Ambdues trobades comptaran amb la participaci\u00f3 de representants de tots els socis del projecte.<\/p>\n<p>L&#8217;\u00e0rea de Benestar del Consell Comarcal de l&#8217;Alt Empord\u00e0 forma part del partenariat del<a href=\"http:\/\/www.altemporda.org\/portal\/benestar-social\/projecte-transfronterer-prospectsaso\"> projecte PROSPECTSASO<\/a> \u2013 Prospectiva transfronterera sanit\u00e0ria i social, liderat per la Universitat de Perpiny\u00e0, que compta amb el 65% de finan\u00e7ament del Fons Europeu de Desenvolupament Regional (FEDER) a trav\u00e9s del programa Interreg V-A Espanya-Fran\u00e7a-Andorra (POCTEFA 2014-2020).<\/p>\n<p>El projecte PROSPECTSASO t\u00e9 com a finalitat refor\u00e7ar la professionalitzaci\u00f3 de l&#8217;\u00e0mbit social i sanitari en l&#8217;espai transfronterer franco-catal\u00e0 (zona est) i la seva extensi\u00f3 a les \u00e0rees de Barcelona i Toulouse a partir d&#8217;un treball en xarxa entre els diferents socis. Aquest projecte es va posar en marxa el mes de setembre de 2016 i estar\u00e0 actiu fins a finals de l&#8217;any 2019.<\/p>\n<p>La finalitat del projecte PROSPECTSASO \u00e9s millorar el coneixement sobre la realitat social i sanit\u00e0ria transfronterera i els efectes frontera en p\u00fablics m\u00e9s vulnerables (persones en situaci\u00f3 de risc d&#8217;exclusi\u00f3 social, infants en risc, persones en situaci\u00f3 de discriminaci\u00f3, persones grans o persones amb discapacitat, entre d&#8217;altres), per tal de respondre adequadament a les necessitats socials que presenta el nostre territori.<\/p>\n","protected":false},"excerpt":{"rendered":"<p>Els dies 8 i 9 de novembre un equip de professionals de l&#8217;\u00e0rea de Benestar del Consell Comarcal de l&#8217;Alt Empord\u00e0 est\u00e0 participant en dues sessions de treball organitzades a Perpiny\u00e0 en el marc del projecte transfronterer PROSPECTSASO.<\/p>\n","protected":false},"author":2,"featured_media":1939,"comment_status":"closed","ping_status":"closed","sticky":false,"template":"","format":"standard","meta":{"footnotes":""},"categories":[106,33,100,107,101,105,104,103,1,12,102,115],"tags":[],"class_list":["post-6885","post","type-post","status-publish","format-standard","has-post-thumbnail","hentry","category-administracions","category-agenda","category-area-benestar","category-centres-recerca-universitats","category-ciutadania","category-empreses","category-entitats-socials","category-estudiants-escoles-instituts","category-general","category-pla-dinclusio-2","category-professionals-ambit-social","category-projectes-transfronterers","category-106","category-33","category-100","category-107","category-101","category-105","category-104","category-103","category-1","category-12","category-102","category-115","description-off"],"_links":{"self":[{"href":"https:\/\/inclusioaltemporda.cat\/portal\/wp-json\/wp\/v2\/posts\/6885","targetHints":{"allow":["GET"]}}],"collection":[{"href":"https:\/\/inclusioaltemporda.cat\/portal\/wp-json\/wp\/v2\/posts"}],"about":[{"href":"https:\/\/inclusioaltemporda.cat\/portal\/wp-json\/wp\/v2\/types\/post"}],"author":[{"embeddable":true,"href":"https:\/\/inclusioaltemporda.cat\/portal\/wp-json\/wp\/v2\/users\/2"}],"replies":[{"embeddable":true,"href":"https:\/\/inclusioaltemporda.cat\/portal\/wp-json\/wp\/v2\/comments?post=6885"}],"version-history":[{"count":3,"href":"https:\/\/inclusioaltemporda.cat\/portal\/wp-json\/wp\/v2\/posts\/6885\/revisions"}],"predecessor-version":[{"id":6918,"href":"https:\/\/inclusioaltemporda.cat\/portal\/wp-json\/wp\/v2\/posts\/6885\/revisions\/6918"}],"wp:featuredmedia":[{"embeddable":true,"href":"https:\/\/inclusioaltemporda.cat\/portal\/wp-json\/wp\/v2\/media\/1939"}],"wp:attachment":[{"href":"https:\/\/inclusioaltemporda.cat\/portal\/wp-json\/wp\/v2\/media?parent=6885"}],"wp:term":[{"taxonomy":"category","embeddable":true,"href":"https:\/\/inclusioaltemporda.cat\/portal\/wp-json\/wp\/v2\/categories?post=6885"},{"taxonomy":"post_tag","embeddable":true,"href":"https:\/\/inclusioaltemporda.cat\/portal\/wp-json\/wp\/v2\/tags?post=6885"}],"curies":[{"name":"wp","href":"https:\/\/api.w.org\/{rel}","templated":true}]}}