{"id":6930,"date":"2018-11-20T12:42:33","date_gmt":"2018-11-20T11:42:33","guid":{"rendered":"https:\/\/inclusioaltemporda.cat\/portal\/?p=6930"},"modified":"2018-11-20T15:19:11","modified_gmt":"2018-11-20T14:19:11","slug":"10e-aniversari-equip-atencio-a-la-infancia-i-adolescencia-de-lalt-emporda","status":"publish","type":"post","link":"https:\/\/inclusioaltemporda.cat\/portal\/10e-aniversari-equip-atencio-a-la-infancia-i-adolescencia-de-lalt-emporda\/","title":{"rendered":"18\u00e8 aniversari Equip Atenci\u00f3 a la Inf\u00e0ncia i Adolesc\u00e8ncia de l&#8217;Alt Empord\u00e0"},"content":{"rendered":"<p>El proper dia 21 de novembre l&#8217;Equip Atenci\u00f3 a la Inf\u00e0ncia i Adolesc\u00e8ncia de l&#8217;Alt Empord\u00e0 (EAIA) celebra el seu divuit\u00e8 aniversari amb la jornada &#8220;Ja som majors d&#8217;edat. I ara qu\u00e8?&#8221; que tindr\u00e0 lloc al Centre C\u00edvic Joaquim Xirau (Marca de l\u2019Ham) de Figueres.<\/p>\n<p>Aquesta trobada t\u00e9 com a objectiu compartir la traject\u00f2ria dels divuit primers anys de \u00a0l&#8217;equip de l&#8217;EAIA Alt Empord\u00e0 amb diferents professionals, les\u00a0q\u00fcestions que\u00a0els preocupen, els reptes que\u00a0han de fer front, el treball en xarxa, la visi\u00f3 que altres professionals i serveis tenen d&#8217;aquest equip, aix\u00ed com nous projectes i plans de futur.<\/p>\n<p>La jornada comptar\u00e0 amb la reflexi\u00f3 \u00e8tica del Dr. Joan Canimes &#8220;Cuidar \u00e9s \u00e9sser-hi&#8221;, \u00a0amb la intervenci\u00f3\u00a0de l&#8217;equip EAIA Alt Empord\u00e0 &#8220;Ja som majors d&#8217;edat. I ara qu\u00e8?&#8221; i amb la intervenci\u00f3 de diversos professionals d&#8217;altres\u00a0serveis que treballen estretament amb l&#8217;EAIA.<\/p>\n","protected":false},"excerpt":{"rendered":"<p>El proper dia 21 de novembre l&#8217;Equip Atenci\u00f3 a la Inf\u00e0ncia i Adolesc\u00e8ncia de l&#8217;Alt Empord\u00e0 (EAIA) celebra el seu divuit\u00e8 aniversari amb la jornada &#8220;Ja som majors d&#8217;edat. I ara qu\u00e8?&#8221; que tindr\u00e0 lloc al Centre C\u00edvic Joaquim Xirau (Marca de l\u2019Ham) de Figueres.<\/p>\n","protected":false},"author":3,"featured_media":6931,"comment_status":"closed","ping_status":"closed","sticky":false,"template":"","format":"standard","meta":{"footnotes":""},"categories":[106,33,100,101,104,1,108,102],"tags":[27],"class_list":["post-6930","post","type-post","status-publish","format-standard","has-post-thumbnail","hentry","category-administracions","category-agenda","category-area-benestar","category-ciutadania","category-entitats-socials","category-general","category-mitjans-comunicacio","category-professionals-ambit-social","tag-benestar-ccae","category-106","category-33","category-100","category-101","category-104","category-1","category-108","category-102","description-off"],"_links":{"self":[{"href":"https:\/\/inclusioaltemporda.cat\/portal\/wp-json\/wp\/v2\/posts\/6930","targetHints":{"allow":["GET"]}}],"collection":[{"href":"https:\/\/inclusioaltemporda.cat\/portal\/wp-json\/wp\/v2\/posts"}],"about":[{"href":"https:\/\/inclusioaltemporda.cat\/portal\/wp-json\/wp\/v2\/types\/post"}],"author":[{"embeddable":true,"href":"https:\/\/inclusioaltemporda.cat\/portal\/wp-json\/wp\/v2\/users\/3"}],"replies":[{"embeddable":true,"href":"https:\/\/inclusioaltemporda.cat\/portal\/wp-json\/wp\/v2\/comments?post=6930"}],"version-history":[{"count":3,"href":"https:\/\/inclusioaltemporda.cat\/portal\/wp-json\/wp\/v2\/posts\/6930\/revisions"}],"predecessor-version":[{"id":6937,"href":"https:\/\/inclusioaltemporda.cat\/portal\/wp-json\/wp\/v2\/posts\/6930\/revisions\/6937"}],"wp:featuredmedia":[{"embeddable":true,"href":"https:\/\/inclusioaltemporda.cat\/portal\/wp-json\/wp\/v2\/media\/6931"}],"wp:attachment":[{"href":"https:\/\/inclusioaltemporda.cat\/portal\/wp-json\/wp\/v2\/media?parent=6930"}],"wp:term":[{"taxonomy":"category","embeddable":true,"href":"https:\/\/inclusioaltemporda.cat\/portal\/wp-json\/wp\/v2\/categories?post=6930"},{"taxonomy":"post_tag","embeddable":true,"href":"https:\/\/inclusioaltemporda.cat\/portal\/wp-json\/wp\/v2\/tags?post=6930"}],"curies":[{"name":"wp","href":"https:\/\/api.w.org\/{rel}","templated":true}]}}