{"id":7030,"date":"2019-01-18T10:43:11","date_gmt":"2019-01-18T09:43:11","guid":{"rendered":"https:\/\/inclusioaltemporda.cat\/portal\/?p=7030"},"modified":"2019-01-18T10:47:29","modified_gmt":"2019-01-18T09:47:29","slug":"el-projecte-de-linstitut-ramon-muntaner-musica-x-recordar-guanya-el-premi-dinclusio-social-2018-del-consell-comarcal","status":"publish","type":"post","link":"https:\/\/inclusioaltemporda.cat\/portal\/el-projecte-de-linstitut-ramon-muntaner-musica-x-recordar-guanya-el-premi-dinclusio-social-2018-del-consell-comarcal\/","title":{"rendered":"El projecte de l&#8217;Institut Ramon Muntaner &#8220;M\u00fasica x recordar&#8221; guanya el Premi d&#8217;Inclusi\u00f3 Social 2018 del Consell Comarcal"},"content":{"rendered":"<p lang=\"ca-ES\">El Consell Comarcal de l&#8217;Alt Empord\u00e0 ha acordat atorgar el Premi Inclusi\u00f3 Social 2018 al projecte &#8220;M\u00fasica x recorda&#8221; de l&#8217;Institut Ramon Muntaner de Figueres.<\/p>\n<p lang=\"ca-ES\">Aquesta iniciativa pret\u00e9n refor\u00e7ar el treball amb adolescents i joves en situaci\u00f3 de dificultat de seguiment de la traject\u00f2ria educativa a trav\u00e9s d&#8217;un projecte intergeneracional amb persones grans afectades per la malaltia de l&#8217;Alzheimer que a trav\u00e9s del cant, el ball i la m\u00fasica generaran un espai de trobada que reforci el lla\u00e7os d&#8217;amistat i respecte entre les dues generacions.<\/p>\n<p lang=\"ca-ES\">El projecte vol refor\u00e7ar l\u2019oferta de recursos d\u2019atenci\u00f3 a la malaltia d&#8217;alzheimer i altres dem\u00e8ncies a la comarca, i alhora oferir un projecte a joves estudiants d\u2019ESO que presenten dificultats per seguir amb la traject\u00f2ria formativa formal.<\/p>\n<p lang=\"ca-ES\">El premi Inclusi\u00f3 Social 2018 dotat amb 6.000 euros permetr\u00e0 que aquest curs escolar 60 alumnes de 2n i 3r d\u2019ESO d\u2019entre 13 i 17 anys de l\u2019Institut Ramon Muntaner i unes 200 persones grans amb malaltia d&#8217;alzheimer i altres dem\u00e8ncies provinents de centres residencials, casals c\u00edvics i el Centre Alzheimer de Figueres puguin desenvolupar aquest projecte orientat a millorar la qualitat de vida d\u2019ambd\u00f3s col\u00b7lectius.<\/p>\n<p lang=\"ca-ES\">El Concurs de Projectes d&#8217;Inclusi\u00f3 Social t\u00e9 com a objectiu fer emergir iniciatives innovadores en l\u2019\u00e0mbit de la inclusi\u00f3 i la cohesi\u00f3 social i finan\u00e7ar projectes en el territori. Aquesta iniciativa, que s\u2019emmarca en el Pla d\u2019Inclusi\u00f3 i Cohesi\u00f3 Social de l\u2019Alt Empord\u00e0, t\u00e9 com a finalitat millorar les condicions de vida de la poblaci\u00f3 de la comarca i refor\u00e7ar la cohesi\u00f3 social. L&#8217;edici\u00f3 d&#8217;enguany, que ha estat la sisena, ha comptat amb la participaci\u00f3 de 7 projectes.<\/p>\n","protected":false},"excerpt":{"rendered":"<p>Aquesta iniciativa pret\u00e9n desenvolupar un projecte intergeneracional amb alumnes de 2n i 3r d&#8217;ESO i persones grans amb la malaltia de l&#8217;alzheimer i altres dem\u00e8ncies provinents de centres especialitzats de la comarca <\/p>\n","protected":false},"author":2,"featured_media":6757,"comment_status":"closed","ping_status":"closed","sticky":false,"template":"","format":"standard","meta":{"footnotes":""},"categories":[106,100,101,105,104,103,1,108,12,11],"tags":[],"class_list":["post-7030","post","type-post","status-publish","format-standard","has-post-thumbnail","hentry","category-administracions","category-area-benestar","category-ciutadania","category-empreses","category-entitats-socials","category-estudiants-escoles-instituts","category-general","category-mitjans-comunicacio","category-pla-dinclusio-2","category-taula-inclusio","category-106","category-100","category-101","category-105","category-104","category-103","category-1","category-108","category-12","category-11","description-off"],"_links":{"self":[{"href":"https:\/\/inclusioaltemporda.cat\/portal\/wp-json\/wp\/v2\/posts\/7030","targetHints":{"allow":["GET"]}}],"collection":[{"href":"https:\/\/inclusioaltemporda.cat\/portal\/wp-json\/wp\/v2\/posts"}],"about":[{"href":"https:\/\/inclusioaltemporda.cat\/portal\/wp-json\/wp\/v2\/types\/post"}],"author":[{"embeddable":true,"href":"https:\/\/inclusioaltemporda.cat\/portal\/wp-json\/wp\/v2\/users\/2"}],"replies":[{"embeddable":true,"href":"https:\/\/inclusioaltemporda.cat\/portal\/wp-json\/wp\/v2\/comments?post=7030"}],"version-history":[{"count":5,"href":"https:\/\/inclusioaltemporda.cat\/portal\/wp-json\/wp\/v2\/posts\/7030\/revisions"}],"predecessor-version":[{"id":7034,"href":"https:\/\/inclusioaltemporda.cat\/portal\/wp-json\/wp\/v2\/posts\/7030\/revisions\/7034"}],"wp:featuredmedia":[{"embeddable":true,"href":"https:\/\/inclusioaltemporda.cat\/portal\/wp-json\/wp\/v2\/media\/6757"}],"wp:attachment":[{"href":"https:\/\/inclusioaltemporda.cat\/portal\/wp-json\/wp\/v2\/media?parent=7030"}],"wp:term":[{"taxonomy":"category","embeddable":true,"href":"https:\/\/inclusioaltemporda.cat\/portal\/wp-json\/wp\/v2\/categories?post=7030"},{"taxonomy":"post_tag","embeddable":true,"href":"https:\/\/inclusioaltemporda.cat\/portal\/wp-json\/wp\/v2\/tags?post=7030"}],"curies":[{"name":"wp","href":"https:\/\/api.w.org\/{rel}","templated":true}]}}