{"id":7036,"date":"2019-01-21T09:02:57","date_gmt":"2019-01-21T08:02:57","guid":{"rendered":"https:\/\/inclusioaltemporda.cat\/portal\/?p=7036"},"modified":"2019-01-21T09:11:07","modified_gmt":"2019-01-21T08:11:07","slug":"el-consell-comarcal-acull-un-seminari-transfronterer-sobre-problemes-traumatics-i-psiquics-dels-refugiats-demandants-dasil","status":"publish","type":"post","link":"https:\/\/inclusioaltemporda.cat\/portal\/el-consell-comarcal-acull-un-seminari-transfronterer-sobre-problemes-traumatics-i-psiquics-dels-refugiats-demandants-dasil\/","title":{"rendered":"El Consell Comarcal acull un seminari transfronterer sobre problemes traum\u00e0tics i ps\u00edquics dels refugiats demandants d&#8217;asil"},"content":{"rendered":"<p>Durant tot el dia d&#8217;avui el Consell Comarcal de l&#8217;Alt Empord\u00e0 acull un seminari de treball transfronterer del projecte PROSPECTSASO. Aquesta trobada s&#8217;organitza en el marc de l&#8217;activitat 6.3 sobre problemes traum\u00e0tics i ps\u00edquics dels refugiats demandants d&#8217;asil liderada pel Centre Erasme de Toulouse, en col\u00b7laboraci\u00f3 amb la Universitat de Barcelona, la Universitat de Girona i el Consell Comarcal de l&#8217;Alt Empord\u00e0.<\/p>\n<p>L&#8217;objectiu del seminari, que comptar\u00e0 amb la participaci\u00f3 de 25 professionals de diferents agents que intervenen en aquest \u00e0mbit, \u00e9s compartir el coneixement produ\u00eft pels diferents equips de recerca participants en aquesta activitat i avan\u00e7ar en la definici\u00f3 d&#8217;un partenariat m\u00e9s estable que permeti refor\u00e7ar la intervenci\u00f3 en aquest \u00e0mbit en el territori transfronterer franco-catal\u00e0.<\/p>\n<p>L&#8217;\u00e0rea de Benestar del Consell Comarcal de l&#8217;Alt Empord\u00e0 forma part del partenariat del <a href=\"http:\/\/www.altemporda.org\/portal\/benestar-social\/projecte-transfronterer-prospectsaso\">projecte PROSPECTSASO<\/a> \u2013 Prospectiva transfronterera sanit\u00e0ria i social, liderat per la Universitat de Perpiny\u00e0, que compta amb el 65% de finan\u00e7ament del Fons Europeu de Desenvolupament Regional (FEDER) a trav\u00e9s del programa Interreg V-A Espanya-Fran\u00e7a-Andorra (POCTEFA 2014-2020).<\/p>\n<p>El projecte PROSPECTSASO t\u00e9 com a finalitat refor\u00e7ar la professionalitzaci\u00f3 de l&#8217;\u00e0mbit social i sanitari i millorar el coneixement sobre la realitat social transfronterera i els efectes frontera en p\u00fablics m\u00e9s vulnerables (en l&#8217;espai transfronterer franco-catal\u00e0 (zona est) i la seva extensi\u00f3 a les \u00e0rees de Barcelona i Toulouse) a partir d&#8217;un treball en xarxa entre els diferents socis. Aquest projecte es va posar en marxa el mes de setembre de 2016 i estar\u00e0 actiu fins a finals de l&#8217;any 2019.<\/p>\n","protected":false},"excerpt":{"rendered":"<p>Aquesta trobada s&#8217;organitza en el marc de l&#8217;activitat 6.3 sobre problemes traum\u00e0tics i ps\u00edquics dels refugiats demandants d&#8217;asil liderada pel Centre Erasme de Toulouse, en col\u00b7laboraci\u00f3 amb la Universitat de Barcelona, la Universitat de Girona i el Consell Comarcal de l&#8217;Alt Empord\u00e0<\/p>\n","protected":false},"author":2,"featured_media":6030,"comment_status":"closed","ping_status":"closed","sticky":false,"template":"","format":"standard","meta":{"footnotes":""},"categories":[106,33,100,107,101,104,1,108,12,115],"tags":[],"class_list":["post-7036","post","type-post","status-publish","format-standard","has-post-thumbnail","hentry","category-administracions","category-agenda","category-area-benestar","category-centres-recerca-universitats","category-ciutadania","category-entitats-socials","category-general","category-mitjans-comunicacio","category-pla-dinclusio-2","category-projectes-transfronterers","category-106","category-33","category-100","category-107","category-101","category-104","category-1","category-108","category-12","category-115","description-off"],"_links":{"self":[{"href":"https:\/\/inclusioaltemporda.cat\/portal\/wp-json\/wp\/v2\/posts\/7036","targetHints":{"allow":["GET"]}}],"collection":[{"href":"https:\/\/inclusioaltemporda.cat\/portal\/wp-json\/wp\/v2\/posts"}],"about":[{"href":"https:\/\/inclusioaltemporda.cat\/portal\/wp-json\/wp\/v2\/types\/post"}],"author":[{"embeddable":true,"href":"https:\/\/inclusioaltemporda.cat\/portal\/wp-json\/wp\/v2\/users\/2"}],"replies":[{"embeddable":true,"href":"https:\/\/inclusioaltemporda.cat\/portal\/wp-json\/wp\/v2\/comments?post=7036"}],"version-history":[{"count":3,"href":"https:\/\/inclusioaltemporda.cat\/portal\/wp-json\/wp\/v2\/posts\/7036\/revisions"}],"predecessor-version":[{"id":7039,"href":"https:\/\/inclusioaltemporda.cat\/portal\/wp-json\/wp\/v2\/posts\/7036\/revisions\/7039"}],"wp:featuredmedia":[{"embeddable":true,"href":"https:\/\/inclusioaltemporda.cat\/portal\/wp-json\/wp\/v2\/media\/6030"}],"wp:attachment":[{"href":"https:\/\/inclusioaltemporda.cat\/portal\/wp-json\/wp\/v2\/media?parent=7036"}],"wp:term":[{"taxonomy":"category","embeddable":true,"href":"https:\/\/inclusioaltemporda.cat\/portal\/wp-json\/wp\/v2\/categories?post=7036"},{"taxonomy":"post_tag","embeddable":true,"href":"https:\/\/inclusioaltemporda.cat\/portal\/wp-json\/wp\/v2\/tags?post=7036"}],"curies":[{"name":"wp","href":"https:\/\/api.w.org\/{rel}","templated":true}]}}