{"id":7046,"date":"2019-01-23T12:08:12","date_gmt":"2019-01-23T11:08:12","guid":{"rendered":"https:\/\/inclusioaltemporda.cat\/portal\/?p=7046"},"modified":"2019-01-23T12:14:15","modified_gmt":"2019-01-23T11:14:15","slug":"lobservatori-social-de-lalt-emporda-actualitza-els-50-indicadors-de-diagnostic-social","status":"publish","type":"post","link":"https:\/\/inclusioaltemporda.cat\/portal\/lobservatori-social-de-lalt-emporda-actualitza-els-50-indicadors-de-diagnostic-social\/","title":{"rendered":"L&#8217;Observatori Social de l&#8217;Alt Empord\u00e0 actualitza amb dades m\u00e9s recents els 50 indicadors de diagn\u00f2stic social de la comarca"},"content":{"rendered":"<p lang=\"ca-ES\">L\u2019<a href=\"https:\/\/inclusioaltemporda.cat\/portal\/observatori\/\" target=\"_blank\" rel=\"noopener\">Observatori Social de l\u2019Alt Empord\u00e0<\/a>, gestionat per l&#8217;Equip d&#8217;Inclusi\u00f3 i Atenci\u00f3 a la Comunitat del Consell Comarcal en el marc del <a href=\"https:\/\/inclusioaltemporda.cat\/portal\/wp-content\/uploads\/PLA-INCLUSI%C3%93_Vdef.pdf\" target=\"_blank\" rel=\"noopener\">Pla per a la Inclusi\u00f3 i la Cohesi\u00f3 Social de l&#8217;Alt Empord\u00e0<\/a>, ha actualitzat els 50 indicadors de diagn\u00f2stic social de l&#8217;Alt Empord\u00e0 amb dades m\u00e9s recents que permeten observar l&#8217;evoluci\u00f3 de la realitat socioecnon\u00f2mica i els processos d&#8217;exclusi\u00f3 social a la comarca.<\/p>\n<p lang=\"ca-ES\">Els indicadors, que es poden consultar a trav\u00e9s del <a href=\"https:\/\/inclusioaltemporda.cat\/portal\/observatori\/\" target=\"_blank\" rel=\"noopener\">web de l&#8217;Observatori<\/a>, actualitzen amb dades m\u00e9s recents alguns dels indicadors inclosos en el Diagn\u00f2stic Social de l&#8217;Alt Empord\u00e0 (2017). Aquest diagn\u00f2stic s&#8217;ha concebut com un proc\u00e9s de treball permanent i no com un informe tancat. Amb aquest voluntat l&#8217;Observatori Social de l&#8217;Alt Empord\u00e0 realitza un seguiment peri\u00f2dic d&#8217;una bateria de 50 indicadors socioecon\u00f2mics i dels processos d&#8217;exclusi\u00f3 social, per tal d&#8217;analitzar la seva evoluci\u00f3 i tend\u00e8ncies.<\/p>\n<p lang=\"ca-ES\">Els indicadors seleccionats no busquen oferir una fotografia exacta de la realitat de la comarca, sin\u00f3 posar el focus sobre aspectes concrets de la realitat social que poden presentar situacions problem\u00e0tiques i generar situacions de desigualtat. En aquest sentit, s&#8217;han incorporat a aquesta selecci\u00f3 indicadors amb sensibilitat territorial, que permetin observar i analitzar els diversos fen\u00f2mens socials a escala local i comarcal. Per altra banda gran part del indicadors recollits es presenten amb una s\u00e8rie temporal \u00e0mplia per facilitar l&#8217;an\u00e0lisi de la seva evoluci\u00f3. Com en el cas del Diagn\u00f2stic Social, aquesta bateria d&#8217;indicadors incorpora en el seu marc d&#8217;an\u00e0lisi la perspectiva de g\u00e8nere i la interseccionalitat, amb indicadors espec\u00edfics sobre els \u00e0mbits m\u00e9s sensibles en els quals les pol\u00edtiques d&#8217;igualtat de g\u00e8nere fixen la seva atenci\u00f3 de forma m\u00e9s priorit\u00e0ria.<\/p>\n<p>L\u2019Observatori Social de l\u2019Alt Empord\u00e0 \u00e9s un ens dedicat a l\u2019an\u00e0lisi i informaci\u00f3 de la realitat social de la comarca que<\/p>\n<ol>\n<li>Facilita informaci\u00f3 peri\u00f2dica sobre les problem\u00e0tiques socials existents a la comarca, els perfils i grups de poblaci\u00f3 en risc, els factors de risc i exclusi\u00f3 social\u00a0i el conjunt de recursos inclusius que gestionen els diferents agents en el territori.<\/li>\n<li>Ofereix una\u00a0selecci\u00f3 de\u00a050 indicadors dels \u00e0mbits d\u2019exclusi\u00f3 social que permetin fer un seguiment anual.<\/li>\n<li>Ofereix als\u00a0agents locals\u00a0informaci\u00f3 estad\u00edstica i an\u00e0lisi\u00a0 orientada a planificar serveis, projectes i actuacions\u00a0de forma m\u00e9s estrat\u00e8gica i eficient, per activar els recursos i garantir\u00a0la inclusi\u00f3 social de la poblaci\u00f3 m\u00e9s vulnerable.<\/li>\n<li>Elabora estudis<em> ad hoc<\/em> i an\u00e0lisi aplicada vinculada a projectes i accions d\u2019inclusi\u00f3 social en curs a la comarca.<\/li>\n<\/ol>\n<p>L\u2019Observatori tamb\u00e9 compta amb l\u2019Espai Lab Social un espai de treball, an\u00e0lisi i experimentaci\u00f3\u00a0orientat a la innovaci\u00f3 social i a la recerca de solucions per als reptes que t\u00e9 plantejats la comarca.<\/p>\n<p lang=\"ca-ES\">Es poden consultar la resta de publicacions i estudis elaborats L\u2019Observatori Social de l\u2019Alt Empord\u00e0 en <a href=\"https:\/\/inclusioaltemporda.cat\/portal\/publicacions\/\" target=\"_blank\" rel=\"noopener\">aquesta p\u00e0gina<\/a>.<\/p>\n","protected":false},"excerpt":{"rendered":"<p>Ja es poden consultar les dades actualitzades dels 50 indicadors de diagn\u00f2stic social de que anualment revisa l&#8217;equip de l&#8217;Observatori i que permeten observar l&#8217;evoluci\u00f3 de la realitat socioecnon\u00f2mica i els processos d&#8217;exclusi\u00f3 social a la comarca<\/p>\n","protected":false},"author":2,"featured_media":7049,"comment_status":"closed","ping_status":"closed","sticky":false,"template":"","format":"standard","meta":{"footnotes":""},"categories":[106,100,107,101,105,104,1,108,13,12],"tags":[],"class_list":["post-7046","post","type-post","status-publish","format-standard","has-post-thumbnail","hentry","category-administracions","category-area-benestar","category-centres-recerca-universitats","category-ciutadania","category-empreses","category-entitats-socials","category-general","category-mitjans-comunicacio","category-observatori-inclusio-social-alt-emporda","category-pla-dinclusio-2","category-106","category-100","category-107","category-101","category-105","category-104","category-1","category-108","category-13","category-12","description-off"],"_links":{"self":[{"href":"https:\/\/inclusioaltemporda.cat\/portal\/wp-json\/wp\/v2\/posts\/7046","targetHints":{"allow":["GET"]}}],"collection":[{"href":"https:\/\/inclusioaltemporda.cat\/portal\/wp-json\/wp\/v2\/posts"}],"about":[{"href":"https:\/\/inclusioaltemporda.cat\/portal\/wp-json\/wp\/v2\/types\/post"}],"author":[{"embeddable":true,"href":"https:\/\/inclusioaltemporda.cat\/portal\/wp-json\/wp\/v2\/users\/2"}],"replies":[{"embeddable":true,"href":"https:\/\/inclusioaltemporda.cat\/portal\/wp-json\/wp\/v2\/comments?post=7046"}],"version-history":[{"count":7,"href":"https:\/\/inclusioaltemporda.cat\/portal\/wp-json\/wp\/v2\/posts\/7046\/revisions"}],"predecessor-version":[{"id":7054,"href":"https:\/\/inclusioaltemporda.cat\/portal\/wp-json\/wp\/v2\/posts\/7046\/revisions\/7054"}],"wp:featuredmedia":[{"embeddable":true,"href":"https:\/\/inclusioaltemporda.cat\/portal\/wp-json\/wp\/v2\/media\/7049"}],"wp:attachment":[{"href":"https:\/\/inclusioaltemporda.cat\/portal\/wp-json\/wp\/v2\/media?parent=7046"}],"wp:term":[{"taxonomy":"category","embeddable":true,"href":"https:\/\/inclusioaltemporda.cat\/portal\/wp-json\/wp\/v2\/categories?post=7046"},{"taxonomy":"post_tag","embeddable":true,"href":"https:\/\/inclusioaltemporda.cat\/portal\/wp-json\/wp\/v2\/tags?post=7046"}],"curies":[{"name":"wp","href":"https:\/\/api.w.org\/{rel}","templated":true}]}}