{"id":7065,"date":"2019-02-04T11:24:17","date_gmt":"2019-02-04T10:24:17","guid":{"rendered":"https:\/\/inclusioaltemporda.cat\/portal\/?p=7065"},"modified":"2019-02-04T12:31:24","modified_gmt":"2019-02-04T11:31:24","slug":"es-constitueix-la-taula-comarcal-de-maltractaments-a-les-persones-grans-de-lalt-emporda","status":"publish","type":"post","link":"https:\/\/inclusioaltemporda.cat\/portal\/es-constitueix-la-taula-comarcal-de-maltractaments-a-les-persones-grans-de-lalt-emporda\/","title":{"rendered":"Es constitueix la Taula Comarcal de Maltractaments a les persones grans de l&#8217;Alt Empord\u00e0"},"content":{"rendered":"<p>Aquest mat\u00ed ha tingut lloc la primera trobada de la Taula Comarcal de Maltractaments a les persones grans de l&#8217;Alt Empord\u00e0, que s&#8217;ha constitu\u00eft com a espai de coordinaci\u00f3 i treball en xarxa entre els diferents agents que treballen en aquest \u00e0mbit a la comarca.<\/p>\n<p>L&#8217;objectiu d&#8217;aquest espai de treball, que est\u00e0 impulsat per l&#8217;\u00e0rea de Benestar social del Consell Comarcal de l&#8217;Alt Empord\u00e0, \u00e9s millorar la intervenci\u00f3 sobre aquesta realitat, avan\u00e7ant en la prevenci\u00f3, la detecci\u00f3 i l&#8217;abordatge dels maltractaments a les persones grans, refor\u00e7ant el treball en xarxa entre tots els agents de la comarca implicats.<\/p>\n<p>Han participat en aquesta primera trobada representants del les \u00e0rees b\u00e0siques de salut de la comarca gestionades per l&#8217;Institut Catal\u00e0 de la Salut (B\u00e0scara, Figueres, La Jonquera, Llan\u00e7\u00e0 i Roses), els Serveis Socials B\u00e0sics de l&#8217;Ajuntament de Figueres, el Grup d&#8217;atenci\u00f3 a la v\u00edctima i l&#8217;Oficina de relacions amb la comunitat dels Mossos d&#8217;Esquadra, la Fundaci\u00f3 Salut Empord\u00e0, el Centre Sociosanitari Bernat Jaume, la Resid\u00e8ncia els Arcs de Figueres, la Resid\u00e8ncia Pi i Sunyer de Roses, Televida, ARTRIS, Accent Social, la Fundaci\u00f3 Tutelar de l&#8217;Empord\u00e0, Creu Roja de Figueres, l&#8217;Associaci\u00f3 de Malalts d&#8217;Alzheimer de Figueres i C\u00e0ritas<\/p>\n<p>Aquesta iniciativa s&#8217;emmarca en la l\u00ednia de treball de l&#8217;\u00c0rea de Benestar social del Consell Comarcal que t\u00e9 com a objectiu prioritari combatre les situacions de maltractament a les persones grans i avan\u00e7ar com a comarca cuidadora i que promou el bon tracte cap a la gent gran.<\/p>\n","protected":false},"excerpt":{"rendered":"<p>Aquest espai impulsat pel Consell Comarcal t\u00e9 com a principal objectiu avan\u00e7ar en la prevenci\u00f3, la detecci\u00f3 i l&#8217;abordatge d&#8217;aquesta problem\u00e0tica a la comarca<\/p>\n","protected":false},"author":2,"featured_media":7068,"comment_status":"closed","ping_status":"closed","sticky":false,"template":"","format":"standard","meta":{"footnotes":""},"categories":[106,100,101,1,108,102],"tags":[],"class_list":["post-7065","post","type-post","status-publish","format-standard","has-post-thumbnail","hentry","category-administracions","category-area-benestar","category-ciutadania","category-general","category-mitjans-comunicacio","category-professionals-ambit-social","category-106","category-100","category-101","category-1","category-108","category-102","description-off"],"_links":{"self":[{"href":"https:\/\/inclusioaltemporda.cat\/portal\/wp-json\/wp\/v2\/posts\/7065","targetHints":{"allow":["GET"]}}],"collection":[{"href":"https:\/\/inclusioaltemporda.cat\/portal\/wp-json\/wp\/v2\/posts"}],"about":[{"href":"https:\/\/inclusioaltemporda.cat\/portal\/wp-json\/wp\/v2\/types\/post"}],"author":[{"embeddable":true,"href":"https:\/\/inclusioaltemporda.cat\/portal\/wp-json\/wp\/v2\/users\/2"}],"replies":[{"embeddable":true,"href":"https:\/\/inclusioaltemporda.cat\/portal\/wp-json\/wp\/v2\/comments?post=7065"}],"version-history":[{"count":4,"href":"https:\/\/inclusioaltemporda.cat\/portal\/wp-json\/wp\/v2\/posts\/7065\/revisions"}],"predecessor-version":[{"id":7070,"href":"https:\/\/inclusioaltemporda.cat\/portal\/wp-json\/wp\/v2\/posts\/7065\/revisions\/7070"}],"wp:featuredmedia":[{"embeddable":true,"href":"https:\/\/inclusioaltemporda.cat\/portal\/wp-json\/wp\/v2\/media\/7068"}],"wp:attachment":[{"href":"https:\/\/inclusioaltemporda.cat\/portal\/wp-json\/wp\/v2\/media?parent=7065"}],"wp:term":[{"taxonomy":"category","embeddable":true,"href":"https:\/\/inclusioaltemporda.cat\/portal\/wp-json\/wp\/v2\/categories?post=7065"},{"taxonomy":"post_tag","embeddable":true,"href":"https:\/\/inclusioaltemporda.cat\/portal\/wp-json\/wp\/v2\/tags?post=7065"}],"curies":[{"name":"wp","href":"https:\/\/api.w.org\/{rel}","templated":true}]}}