{"id":7075,"date":"2019-02-07T10:53:08","date_gmt":"2019-02-07T09:53:08","guid":{"rendered":"https:\/\/inclusioaltemporda.cat\/portal\/?p=7075"},"modified":"2019-02-07T10:54:43","modified_gmt":"2019-02-07T09:54:43","slug":"lequip-dinclusio-posa-en-marxa-el-programa-de-dones-referents-comunitaries-de-lalt-emporda","status":"publish","type":"post","link":"https:\/\/inclusioaltemporda.cat\/portal\/lequip-dinclusio-posa-en-marxa-el-programa-de-dones-referents-comunitaries-de-lalt-emporda\/","title":{"rendered":"L&#8217;equip d&#8217;Inclusi\u00f3 posa en marxa el Programa de Dones Referents Comunit\u00e0ries de l&#8217;Alt Empord\u00e0"},"content":{"rendered":"<p>L&#8217;equip d&#8217;Inclusi\u00f3 i Atenci\u00f3 a la Comunitat del Consell Comarcal posa en marxa una l\u00ednia d&#8217;intervenci\u00f3\u00a0innovadora, flexible i propera orientada a refor\u00e7ar l&#8217;empoderament d&#8217;un grup de dones de la comarca d&#8217;origen migrant, amb l&#8217;objectiu de facilitar processos d&#8217;intervenci\u00f3 comunit\u00e0ria amb diversos agents de la comarca per refor\u00e7ar la inclusi\u00f3 i cohesi\u00f3 social.<\/p>\n<p>El programa est\u00e0 finan\u00e7at per la<a href=\"https:\/\/obrasociallacaixa.org\/ca\/pobreza-accion-social\/interculturalidad-y-cohesion-social\/interculturalidad-y-accion-social\"> Convocat\u00f2ria Interculturalitat i Acci\u00f3 Social 2018 de la Fundaci\u00f3 Banc\u00e0ria La Caixa <\/a>i t\u00e9 una durada d&#8217;un any.<\/p>\n<p>Est\u00e0 dissenyat des d&#8217;una perspectiva de g\u00e8nere per empoderar dones d&#8217;origen migrant de diferents creences, \u00e8tnies i or\u00edgens. S&#8217;orienta a atendre adequadament les seves necessitats, refor\u00e7ar el treball entre grups d&#8217;iguals i la intervenci\u00f3 comunit\u00e0ria a la comarca.<\/p>\n<p>El programa est\u00e0 orientat a millorar les compet\u00e8ncies i habilitat de les dones, el seu benestar emocional i la xarxa de relaci\u00f3 social per generar impacte en la seva vida quotidiana, les seves fam\u00edlies, la conviv\u00e8ncia ciutadana i els i les professionals participants.<\/p>\n<p>Podeu accedir a <a href=\"https:\/\/inclusioaltemporda.cat\/portal\/programa-dones-referents-comunitaries-de-lalt-emporda\/\">m\u00e9s informaci\u00f3 del programa en aquest enlla\u00e7<\/a>.<\/p>\n<p>&nbsp;<\/p>\n","protected":false},"excerpt":{"rendered":"<p>L&#8217;equip d&#8217;Inclusi\u00f3 i Atenci\u00f3 a la Comunitat posa en marxa una l\u00ednia d&#8217;intervenci\u00f3 per refor\u00e7ar l&#8217;empoderament d&#8217;un grup de dones d&#8217;origen migrant, amb l&#8217;objectiu de facilitar processos d&#8217;intervenci\u00f3 comunit\u00e0ria amb diversos agents per refor\u00e7ar la inclusi\u00f3 a la comarca.<\/p>\n","protected":false},"author":3,"featured_media":7077,"comment_status":"closed","ping_status":"closed","sticky":false,"template":"","format":"standard","meta":{"footnotes":""},"categories":[106,100,107,101,105,104,103,1,108,12,102,11],"tags":[],"class_list":["post-7075","post","type-post","status-publish","format-standard","has-post-thumbnail","hentry","category-administracions","category-area-benestar","category-centres-recerca-universitats","category-ciutadania","category-empreses","category-entitats-socials","category-estudiants-escoles-instituts","category-general","category-mitjans-comunicacio","category-pla-dinclusio-2","category-professionals-ambit-social","category-taula-inclusio","category-106","category-100","category-107","category-101","category-105","category-104","category-103","category-1","category-108","category-12","category-102","category-11","description-off"],"_links":{"self":[{"href":"https:\/\/inclusioaltemporda.cat\/portal\/wp-json\/wp\/v2\/posts\/7075","targetHints":{"allow":["GET"]}}],"collection":[{"href":"https:\/\/inclusioaltemporda.cat\/portal\/wp-json\/wp\/v2\/posts"}],"about":[{"href":"https:\/\/inclusioaltemporda.cat\/portal\/wp-json\/wp\/v2\/types\/post"}],"author":[{"embeddable":true,"href":"https:\/\/inclusioaltemporda.cat\/portal\/wp-json\/wp\/v2\/users\/3"}],"replies":[{"embeddable":true,"href":"https:\/\/inclusioaltemporda.cat\/portal\/wp-json\/wp\/v2\/comments?post=7075"}],"version-history":[{"count":7,"href":"https:\/\/inclusioaltemporda.cat\/portal\/wp-json\/wp\/v2\/posts\/7075\/revisions"}],"predecessor-version":[{"id":7084,"href":"https:\/\/inclusioaltemporda.cat\/portal\/wp-json\/wp\/v2\/posts\/7075\/revisions\/7084"}],"wp:featuredmedia":[{"embeddable":true,"href":"https:\/\/inclusioaltemporda.cat\/portal\/wp-json\/wp\/v2\/media\/7077"}],"wp:attachment":[{"href":"https:\/\/inclusioaltemporda.cat\/portal\/wp-json\/wp\/v2\/media?parent=7075"}],"wp:term":[{"taxonomy":"category","embeddable":true,"href":"https:\/\/inclusioaltemporda.cat\/portal\/wp-json\/wp\/v2\/categories?post=7075"},{"taxonomy":"post_tag","embeddable":true,"href":"https:\/\/inclusioaltemporda.cat\/portal\/wp-json\/wp\/v2\/tags?post=7075"}],"curies":[{"name":"wp","href":"https:\/\/api.w.org\/{rel}","templated":true}]}}