{"id":7087,"date":"2019-02-11T14:55:07","date_gmt":"2019-02-11T13:55:07","guid":{"rendered":"https:\/\/inclusioaltemporda.cat\/portal\/?p=7087"},"modified":"2019-02-11T15:01:16","modified_gmt":"2019-02-11T14:01:16","slug":"nova-edicio-del-curs-lletres-per-tothom-a-sant-pere-pescador","status":"publish","type":"post","link":"https:\/\/inclusioaltemporda.cat\/portal\/nova-edicio-del-curs-lletres-per-tothom-a-sant-pere-pescador\/","title":{"rendered":"Nova edici\u00f3 del curs &#8220;Lletres per tothom&#8221; a Sant Pere Pescador"},"content":{"rendered":"<p>Durant els mesos de febrer i mar\u00e7 s&#8217;est\u00e0 realitzant a Sant Pere Pescador una nova edici\u00f3 del curs &#8220;Lletres per a Tothom&#8221;, adre\u00e7at a persones d&#8217;origen estranger residents al mateix municipi i als de l&#8217;entorn.<\/p>\n<p>Aquest curs, promogut per la Secretaria d&#8217;Igualtat, Migracions i Ciutadania, est\u00e0 finan\u00e7at per la Fundaci\u00f3 La Caixa. L&#8217;equip d&#8217;Inclusi\u00f3 Social i atenci\u00f3 a la comunitat de l&#8217;\u00e0rea de Benestar del Consell Comarcal organitza el curs que \u00e9s impartit per C\u00e0ritas Diocesana de Girona.<\/p>\n<p>L&#8217;objectiu de les sessions de formaci\u00f3, que t\u00e9 una durada de 120 hores, \u00e9s promoure l\u2019alfabetitzaci\u00f3 en catal\u00e0 de persones adultes com a pas previ per accedir als cursos inicials de catal\u00e0, partint d&#8217;una visi\u00f3 de l&#8217;aprenentatge de la llengua com a eina de cohesi\u00f3 social.<\/p>\n<p class=\"western\" align=\"justify\">\n","protected":false},"excerpt":{"rendered":"<p>Aquest curs, que t\u00e9 una durada de 120 hores, t\u00e9 com a principal objectiu el de promoure l\u2019alfabetitzaci\u00f3 en catal\u00e0 de persones adultes com a pas previ per accedir als cursos inicials de catal\u00e0 que ofereix el Consorci per a la Normalitzaci\u00f3 Ling\u00fc\u00edstica.<\/p>\n","protected":false},"author":2,"featured_media":7089,"comment_status":"closed","ping_status":"closed","sticky":false,"template":"","format":"standard","meta":{"footnotes":""},"categories":[106,100,101,1,12],"tags":[],"class_list":["post-7087","post","type-post","status-publish","format-standard","has-post-thumbnail","hentry","category-administracions","category-area-benestar","category-ciutadania","category-general","category-pla-dinclusio-2","category-106","category-100","category-101","category-1","category-12","description-off"],"_links":{"self":[{"href":"https:\/\/inclusioaltemporda.cat\/portal\/wp-json\/wp\/v2\/posts\/7087","targetHints":{"allow":["GET"]}}],"collection":[{"href":"https:\/\/inclusioaltemporda.cat\/portal\/wp-json\/wp\/v2\/posts"}],"about":[{"href":"https:\/\/inclusioaltemporda.cat\/portal\/wp-json\/wp\/v2\/types\/post"}],"author":[{"embeddable":true,"href":"https:\/\/inclusioaltemporda.cat\/portal\/wp-json\/wp\/v2\/users\/2"}],"replies":[{"embeddable":true,"href":"https:\/\/inclusioaltemporda.cat\/portal\/wp-json\/wp\/v2\/comments?post=7087"}],"version-history":[{"count":3,"href":"https:\/\/inclusioaltemporda.cat\/portal\/wp-json\/wp\/v2\/posts\/7087\/revisions"}],"predecessor-version":[{"id":7091,"href":"https:\/\/inclusioaltemporda.cat\/portal\/wp-json\/wp\/v2\/posts\/7087\/revisions\/7091"}],"wp:featuredmedia":[{"embeddable":true,"href":"https:\/\/inclusioaltemporda.cat\/portal\/wp-json\/wp\/v2\/media\/7089"}],"wp:attachment":[{"href":"https:\/\/inclusioaltemporda.cat\/portal\/wp-json\/wp\/v2\/media?parent=7087"}],"wp:term":[{"taxonomy":"category","embeddable":true,"href":"https:\/\/inclusioaltemporda.cat\/portal\/wp-json\/wp\/v2\/categories?post=7087"},{"taxonomy":"post_tag","embeddable":true,"href":"https:\/\/inclusioaltemporda.cat\/portal\/wp-json\/wp\/v2\/tags?post=7087"}],"curies":[{"name":"wp","href":"https:\/\/api.w.org\/{rel}","templated":true}]}}