{"id":7092,"date":"2019-02-14T08:00:26","date_gmt":"2019-02-14T07:00:26","guid":{"rendered":"https:\/\/inclusioaltemporda.cat\/portal\/?p=7092"},"modified":"2019-02-11T15:19:05","modified_gmt":"2019-02-11T14:19:05","slug":"larea-de-benestar-social-del-consell-comarcal-organitza-un-curs-sobre-prevencio-de-les-addiccions-en-lambit-educatiu","status":"publish","type":"post","link":"https:\/\/inclusioaltemporda.cat\/portal\/larea-de-benestar-social-del-consell-comarcal-organitza-un-curs-sobre-prevencio-de-les-addiccions-en-lambit-educatiu\/","title":{"rendered":"L&#8217;\u00e0rea de Benestar social del Consell Comarcal organitza un curs sobre prevenci\u00f3 d&#8217;addiccions en l&#8217;\u00e0mbit educatiu"},"content":{"rendered":"<p lang=\"ca-ES\">El Programa de Prevenci\u00f3 de Drogodependencies de l\u2019\u00e0rea de Benestar del Consell Comarcal de l\u2019Alt Empord\u00e0, juntament amb Serveis Educatius de l&#8217;Alt Empord\u00e0 est\u00e0 oferint el curs de formaci\u00f3 sobre \u201cPrevenci\u00f3 de les addiccions en l\u2019\u00e0mbit educatiu. Estrat\u00e8gies i Eines\u201d.<\/p>\n<p lang=\"ca-ES\">L&#8217;objectiu del curs \u00e9s formar un referent en tema d&#8217;addicions per a cada un dels centres educatius i que el contingut pr\u00e0ctic del curs serveixi a cada centre per elaborar un protocol d&#8217;abordatge de les conductes addictives que englobi accions preventives, de detecci\u00f3 i d&#8217;intervenci\u00f3 tant amb els infants com amb les fam\u00edlies, adequades a les necessitats de cada un dels centres educatius, i tamb\u00e9 amb una mirada comuna dels centres educatius de la comarca en relaci\u00f3 a l&#8217;abordatge d&#8217;aquestes problem\u00e0tiques.<\/p>\n<p lang=\"ca-ES\">La formaci\u00f3, que t\u00e9 una durada total de 20 hores i s\u2019est\u00e0 impartint des del mes de novembre passat, compta amb la participaci\u00f3 de 21 professors dels Instituts d&#8217;Educaci\u00f3 Secund\u00e0ria de la comarca i 2 professionals de l\u2019Equip d\u2019Assessorament Piscopedag\u00f2gic de la comarca (EAP).<\/p>\n<p lang=\"ca-ES\">Aquest curs est\u00e0 impartit per diferents professionals especialitzats en addicions de l&#8217;entitat Promoci\u00f3 i Desenvolupament Social (PDS), responsables alhora de la gesti\u00f3 de les diferents accions del Programa de Prevenci\u00f3 de Drogodependencies a la nostra comarca.<\/p>\n<p lang=\"ca-ES\">\n","protected":false},"excerpt":{"rendered":"<p>Aquesta activitat formativa adre\u00e7ada al professorat de secund\u00e0ria de la comarca s&#8217;emmarca en les activitats dutes a terme pel Programa de Prevenci\u00f3 de Drogodependencies de l&#8217;Alt Empord\u00e0<\/p>\n","protected":false},"author":2,"featured_media":1371,"comment_status":"closed","ping_status":"closed","sticky":false,"template":"","format":"standard","meta":{"footnotes":""},"categories":[106,100,101,104,103,1],"tags":[],"class_list":["post-7092","post","type-post","status-publish","format-standard","has-post-thumbnail","hentry","category-administracions","category-area-benestar","category-ciutadania","category-entitats-socials","category-estudiants-escoles-instituts","category-general","category-106","category-100","category-101","category-104","category-103","category-1","description-off"],"_links":{"self":[{"href":"https:\/\/inclusioaltemporda.cat\/portal\/wp-json\/wp\/v2\/posts\/7092","targetHints":{"allow":["GET"]}}],"collection":[{"href":"https:\/\/inclusioaltemporda.cat\/portal\/wp-json\/wp\/v2\/posts"}],"about":[{"href":"https:\/\/inclusioaltemporda.cat\/portal\/wp-json\/wp\/v2\/types\/post"}],"author":[{"embeddable":true,"href":"https:\/\/inclusioaltemporda.cat\/portal\/wp-json\/wp\/v2\/users\/2"}],"replies":[{"embeddable":true,"href":"https:\/\/inclusioaltemporda.cat\/portal\/wp-json\/wp\/v2\/comments?post=7092"}],"version-history":[{"count":3,"href":"https:\/\/inclusioaltemporda.cat\/portal\/wp-json\/wp\/v2\/posts\/7092\/revisions"}],"predecessor-version":[{"id":7095,"href":"https:\/\/inclusioaltemporda.cat\/portal\/wp-json\/wp\/v2\/posts\/7092\/revisions\/7095"}],"wp:featuredmedia":[{"embeddable":true,"href":"https:\/\/inclusioaltemporda.cat\/portal\/wp-json\/wp\/v2\/media\/1371"}],"wp:attachment":[{"href":"https:\/\/inclusioaltemporda.cat\/portal\/wp-json\/wp\/v2\/media?parent=7092"}],"wp:term":[{"taxonomy":"category","embeddable":true,"href":"https:\/\/inclusioaltemporda.cat\/portal\/wp-json\/wp\/v2\/categories?post=7092"},{"taxonomy":"post_tag","embeddable":true,"href":"https:\/\/inclusioaltemporda.cat\/portal\/wp-json\/wp\/v2\/tags?post=7092"}],"curies":[{"name":"wp","href":"https:\/\/api.w.org\/{rel}","templated":true}]}}