{"id":7097,"date":"2019-02-20T08:30:23","date_gmt":"2019-02-20T07:30:23","guid":{"rendered":"https:\/\/inclusioaltemporda.cat\/portal\/?p=7097"},"modified":"2019-02-20T09:31:52","modified_gmt":"2019-02-20T08:31:52","slug":"nova-edicio-la-de-la-jornada-nosaltres-la-perspectiva-intercultural-en-la-intervencio-social","status":"publish","type":"post","link":"https:\/\/inclusioaltemporda.cat\/portal\/nova-edicio-la-de-la-jornada-nosaltres-la-perspectiva-intercultural-en-la-intervencio-social\/","title":{"rendered":"Nova edici\u00f3 la de la Jornada Nos+Altres &#8220;La perspectiva intercultural en la intervenci\u00f3 social&#8221;"},"content":{"rendered":"<p>Aquest mat\u00ed 50 professionals de l&#8217;\u00e0mbit de la intervenci\u00f3 social estan participant en la <a href=\"https:\/\/inclusioaltemporda.cat\/portal\/wp-content\/uploads\/JORNADA-NOSALTRES.pdf\" target=\"_blank\" rel=\"noopener\">12a edici\u00f3 de la Jornada Nos+Altres<\/a>, que anualment organitza el Consell Comarcal de l&#8217;Alt Empord\u00e0\u00a0i l&#8217;Ajuntament de Figueres, amb el suport de la Secretaria d&#8217;Igualtat, Migracions i Ciutadania.<\/p>\n<p>La present edici\u00f3 del Nos+Altres vol generar el debat entorn la perspectiva intercultural en la intervenci\u00f3 social entre diferents professionals de l&#8217;\u00e0mbit social (treballadors\/es socials, educadors\/es socials, psic\u00f2legs, pedagogs, mediadors, entre d&#8217;altres) de l&#8217;\u00e0rea de Benestar social del Consell Comarcal de l&#8217;Alt Empord\u00e0 i els Serveis Socials b\u00e0sics dels Ajuntaments de Figueres, Roses i l&#8217;Escala.<\/p>\n<p>Aquesta activitat formativa t\u00e9 com a principal objectiu sensibilitzar els i les professionals sobre els reptes que la diversitat genera per al conjunt de la nostra societat, i alhora oferir-los eines de treball que quotidianament treballen en un context marcat per la diversitat cultural, fent front als reptes que aquesta genera.<\/p>\n","protected":false},"excerpt":{"rendered":"<p>La jornada, organitzada pel Consell Comarcal de l&#8217;Alt Empord\u00e0 i l&#8217;Ajuntament de Figueres, vol posar sobre la taula el debat entorn la perspectiva intercultural en la intervenci\u00f3 social<\/p>\n","protected":false},"author":2,"featured_media":7100,"comment_status":"closed","ping_status":"closed","sticky":false,"template":"","format":"standard","meta":{"footnotes":""},"categories":[106,33,100,1,108,12,102],"tags":[],"class_list":["post-7097","post","type-post","status-publish","format-standard","has-post-thumbnail","hentry","category-administracions","category-agenda","category-area-benestar","category-general","category-mitjans-comunicacio","category-pla-dinclusio-2","category-professionals-ambit-social","category-106","category-33","category-100","category-1","category-108","category-12","category-102","description-off"],"_links":{"self":[{"href":"https:\/\/inclusioaltemporda.cat\/portal\/wp-json\/wp\/v2\/posts\/7097","targetHints":{"allow":["GET"]}}],"collection":[{"href":"https:\/\/inclusioaltemporda.cat\/portal\/wp-json\/wp\/v2\/posts"}],"about":[{"href":"https:\/\/inclusioaltemporda.cat\/portal\/wp-json\/wp\/v2\/types\/post"}],"author":[{"embeddable":true,"href":"https:\/\/inclusioaltemporda.cat\/portal\/wp-json\/wp\/v2\/users\/2"}],"replies":[{"embeddable":true,"href":"https:\/\/inclusioaltemporda.cat\/portal\/wp-json\/wp\/v2\/comments?post=7097"}],"version-history":[{"count":2,"href":"https:\/\/inclusioaltemporda.cat\/portal\/wp-json\/wp\/v2\/posts\/7097\/revisions"}],"predecessor-version":[{"id":7463,"href":"https:\/\/inclusioaltemporda.cat\/portal\/wp-json\/wp\/v2\/posts\/7097\/revisions\/7463"}],"wp:featuredmedia":[{"embeddable":true,"href":"https:\/\/inclusioaltemporda.cat\/portal\/wp-json\/wp\/v2\/media\/7100"}],"wp:attachment":[{"href":"https:\/\/inclusioaltemporda.cat\/portal\/wp-json\/wp\/v2\/media?parent=7097"}],"wp:term":[{"taxonomy":"category","embeddable":true,"href":"https:\/\/inclusioaltemporda.cat\/portal\/wp-json\/wp\/v2\/categories?post=7097"},{"taxonomy":"post_tag","embeddable":true,"href":"https:\/\/inclusioaltemporda.cat\/portal\/wp-json\/wp\/v2\/tags?post=7097"}],"curies":[{"name":"wp","href":"https:\/\/api.w.org\/{rel}","templated":true}]}}