{"id":7101,"date":"2019-02-26T12:51:59","date_gmt":"2019-02-26T11:51:59","guid":{"rendered":"https:\/\/inclusioaltemporda.cat\/portal\/?p=7101"},"modified":"2019-02-26T12:51:59","modified_gmt":"2019-02-26T11:51:59","slug":"el-consell-comarcal-lliura-el-premi-inclusio-social-2018-al-projecte-musica-x-recordar-de-linstitut-muntaner-de-figueres","status":"publish","type":"post","link":"https:\/\/inclusioaltemporda.cat\/portal\/el-consell-comarcal-lliura-el-premi-inclusio-social-2018-al-projecte-musica-x-recordar-de-linstitut-muntaner-de-figueres\/","title":{"rendered":"El Consell Comarcal lliura el Premi Inclusi\u00f3 Social 2018 al projecte &#8220;M\u00fasica x recordar&#8221; de l&#8217;Institut Muntaner de Figueres"},"content":{"rendered":"<p>El Consell Comarcal de l&#8217;Alt Empord\u00e0 ha lliurat aquest mat\u00ed el Premi Inclusi\u00f3 Social 2018 al projecte &#8220;M\u00fasica x recordar&#8221; de l&#8217;Institut Ramon Muntaner de Figueres. Aquesta iniciativa pret\u00e9n refor\u00e7ar el treball amb adolescents i joves en situaci\u00f3 de dificultat de seguiment de la traject\u00f2ria educativa, a trav\u00e9s d&#8217;un projecte intergeneracional amb persones grans afectades per la malaltia de l&#8217;Alzheimer que mitjan\u00e7ant el cant, el ball i la m\u00fasica generaran un espai de trobada que reforci el lla\u00e7os d&#8217;amistat i respecte entre les dues generacions.<\/p>\n<p>L\u2019acte ha comptat amb la pres\u00e8ncia de Montse Mindan, presidenta del Consell Comarcal, acompanyada dels consellers comarcals de Benestar Social, \u00c0lex Hern\u00e1ndez, i de Cultura, Enric Gironella. Han assistit a l\u2019acte una quarantena d\u2019alumnes de l\u2019institut figuerenc, que participen en el projecte premiat, i representants de diferents entitats socials de la ciutat, que es beneficien de la iniciativa. El premi l\u2019han recollit col\u00b7lectivament els alumnes i diversos representants de la comunitat educativa del Ramon Muntaner, encap\u00e7alats per la professora de m\u00fasica Merc\u00e8 Mart\u00ed, que \u00e9s la responsable del projecte. L\u2019acte ha finalitzat amb el cant del \u2018Gaudeamus\u2019 i de la can\u00e7\u00f3 \u2018Amics per sempre\u2019 amb l\u2019acompanyant del professor Pere Puig al piano.<\/p>\n<p>\u201cM\u00fasica per recordar\u201d vol refor\u00e7ar l\u2019oferta de recursos d\u2019atenci\u00f3 a la malaltia d&#8217;Alzheimer i altres dem\u00e8ncies a la comarca de l\u2019Alt Empord\u00e0 i alhora oferir un projecte a joves estudiants d\u2019ESO que presenten dificultats per seguir amb la traject\u00f2ria formativa formal. El Premi Inclusi\u00f3 Social 2018 dotat amb 6.000 euros permetr\u00e0 que aquest curs escolar 60 alumnes de 2n i 3r d\u2019ESO d\u2019entre 13 i 17 anys de l\u2019Institut Ramon Muntaner i unes 200 persones grans amb malaltia d&#8217;Alzheimer i altres dem\u00e8ncies provinents de centres residencials, casals c\u00edvics i de l\u2019Associaci\u00f3 Malalts d\u2019Alzheimer de Figueres puguin desenvolupar aquest projecte orientat a millorar la qualitat de vida d\u2019ambd\u00f3s col\u00b7lectius.<\/p>\n<p>SIS EDICIONS DEL PREMI D\u2019INCLUSI\u00d3<\/p>\n<p>El Concurs de Projectes d&#8217;Inclusi\u00f3 Social t\u00e9 com a objectiu fer emergir iniciatives innovadores en l\u2019\u00e0mbit de la inclusi\u00f3 i la cohesi\u00f3 social i finan\u00e7ar projectes en el territori. Aquesta iniciativa, que s\u2019emmarca en el Pla d\u2019Inclusi\u00f3 i Cohesi\u00f3 Social de l\u2019Alt Empord\u00e0, t\u00e9 com a finalitat millorar les condicions de vida de la poblaci\u00f3 de la comarca i refor\u00e7ar la cohesi\u00f3 social. L&#8217;edici\u00f3 d&#8217;enguany, que ha estat la sisena, ha comptat amb la participaci\u00f3 de set projectes.<\/p>\n<p>Poden participar en el concurs, que es convoca anualment, persones f\u00edsiques, entitats sense \u00e0nim de lucre, associacions, petites i mitjanes empreses i equips o centres de recerca d\u2019universitats, que presentin projectes d\u2019inclusi\u00f3 social a desenvolupar en un o m\u00e9s municipis de la comarca de l\u2019Alt Empord\u00e0. L\u2019objectiu \u00e9s atorgar ajut financer a projectes d\u2019inclusi\u00f3 social a desenvolupar en els municipis de la comarca durant l\u2019any 2019. Per part del jurat qualificador es valoraran especialment aquells projectes amb perspectiva de g\u00e8nere orientats a promoure la inclusi\u00f3 social d\u2019infants, adolescents, joves i les seves fam\u00edlies, i gent gran.<\/p>\n<p>Els \u00e0mbits d\u2019aplicaci\u00f3 preferent en qu\u00e8 es podran definir els projectes d\u2019inclusi\u00f3 social seran el formatiu i laboral, el residencial-habitatge, el relacional (xarxes de suport i treball amb la comunitat), i el de la ciutadania\/poblaci\u00f3 origen immigrant. El Concurs de Projectes d\u2019Inclusi\u00f3 Alt Empord\u00e0 ofereix als projectes premiats implementar la proposta de treball al llarg de tot l\u2019any 2019 en un o m\u00e9s municipis de la comarca.<\/p>\n<p>Aquesta \u00e9s la sisena edici\u00f3 d\u2019aquesta convocat\u00f2ria que en les edicions anteriors ha premiat les seg\u00fcents iniciatives: Projecte \u201cTeatre a l\u2019abast\u201d del Grup Centre de lleure El Dof\u00ed i l\u2019associaci\u00f3 de teatre juvenil a Mossegades (2017), projecte \u201cGrans Experts\u201d de C\u00e0ritas Diocesana de Girona (2016), projecte \u201cTothom pot navegar\u201d del GEN Roses (2015), projectes \u201cLa cuina, cooperativisme a foc lent\u201d de la Cooperativa Eines i com a acc\u00e8ssit el projecte laboral \u201cReciclatge de paper\u201d de l\u2019Associaci\u00f3 El Tamariu (2013). L\u2019any 2014 no hi va haver convocat\u00f2ria.<\/p>\n","protected":false},"excerpt":{"rendered":"<p>Aquesta iniciativa pret\u00e9n refor\u00e7ar el treball amb adolescents i joves en situaci\u00f3 de dificultat de seguiment de la traject\u00f2ria educativa, a trav\u00e9s d&#8217;un projecte intergeneracional amb persones grans afectades per la malaltia de l&#8217;Alzheimer<\/p>\n","protected":false},"author":2,"featured_media":7102,"comment_status":"closed","ping_status":"closed","sticky":false,"template":"","format":"standard","meta":{"footnotes":""},"categories":[106,100,101,104,103,1,108,12],"tags":[],"class_list":["post-7101","post","type-post","status-publish","format-standard","has-post-thumbnail","hentry","category-administracions","category-area-benestar","category-ciutadania","category-entitats-socials","category-estudiants-escoles-instituts","category-general","category-mitjans-comunicacio","category-pla-dinclusio-2","category-106","category-100","category-101","category-104","category-103","category-1","category-108","category-12","description-off"],"_links":{"self":[{"href":"https:\/\/inclusioaltemporda.cat\/portal\/wp-json\/wp\/v2\/posts\/7101","targetHints":{"allow":["GET"]}}],"collection":[{"href":"https:\/\/inclusioaltemporda.cat\/portal\/wp-json\/wp\/v2\/posts"}],"about":[{"href":"https:\/\/inclusioaltemporda.cat\/portal\/wp-json\/wp\/v2\/types\/post"}],"author":[{"embeddable":true,"href":"https:\/\/inclusioaltemporda.cat\/portal\/wp-json\/wp\/v2\/users\/2"}],"replies":[{"embeddable":true,"href":"https:\/\/inclusioaltemporda.cat\/portal\/wp-json\/wp\/v2\/comments?post=7101"}],"version-history":[{"count":1,"href":"https:\/\/inclusioaltemporda.cat\/portal\/wp-json\/wp\/v2\/posts\/7101\/revisions"}],"predecessor-version":[{"id":7103,"href":"https:\/\/inclusioaltemporda.cat\/portal\/wp-json\/wp\/v2\/posts\/7101\/revisions\/7103"}],"wp:featuredmedia":[{"embeddable":true,"href":"https:\/\/inclusioaltemporda.cat\/portal\/wp-json\/wp\/v2\/media\/7102"}],"wp:attachment":[{"href":"https:\/\/inclusioaltemporda.cat\/portal\/wp-json\/wp\/v2\/media?parent=7101"}],"wp:term":[{"taxonomy":"category","embeddable":true,"href":"https:\/\/inclusioaltemporda.cat\/portal\/wp-json\/wp\/v2\/categories?post=7101"},{"taxonomy":"post_tag","embeddable":true,"href":"https:\/\/inclusioaltemporda.cat\/portal\/wp-json\/wp\/v2\/tags?post=7101"}],"curies":[{"name":"wp","href":"https:\/\/api.w.org\/{rel}","templated":true}]}}