{"id":7105,"date":"2019-02-28T10:31:04","date_gmt":"2019-02-28T09:31:04","guid":{"rendered":"https:\/\/inclusioaltemporda.cat\/portal\/?p=7105"},"modified":"2019-02-28T10:42:33","modified_gmt":"2019-02-28T09:42:33","slug":"en-marxa-ledicio-de-primavera-dels-tallers-de-memoria-i-gimnas-per-a-gent-gran-2","status":"publish","type":"post","link":"https:\/\/inclusioaltemporda.cat\/portal\/en-marxa-ledicio-de-primavera-dels-tallers-de-memoria-i-gimnas-per-a-gent-gran-2\/","title":{"rendered":"Edici\u00f3 de primavera dels tallers de mem\u00f2ria i gimn\u00e0s per a gent gran que organitza el Consell Comarcal de l&#8217;Alt Empord\u00e0"},"content":{"rendered":"<p>Aquest mes de mar\u00e7 es posa en marxa l&#8217;edici\u00f3 de primavera dels Tallers de Mem\u00f2ria i de Gimn\u00e0s per a gent gran a diferents municipis de la comarca.<\/p>\n<p>Aquests tallers, dirigits i impartits per professionals de l\u2019\u00e0rea de Benestar del Consell Comarcal tenen com a finalitat promoure un envelliment actiu de la poblaci\u00f3 de la comarca. L&#8217;any 2017, 914 persones van participar en 93 tallers, organitzats en 40 municipis de l&#8217;Alt Empord\u00e0.<\/p>\n<p>Els tallers s\u2019adrecen a les persones majors de 65 anys i es fan en els municipis que han sol\u00b7licitat aquesta activitat mitjan\u00e7ant el seu ajuntament. La finalitat d\u2019aquestes activitats \u00e9s treballar de forma \u00edntegra l\u2019estimulaci\u00f3 de les capacitats f\u00edsiques i mentals de les persones grans.<\/p>\n<p>El Taller de Mem\u00f2ria facilita un entrenament de les capacitats que intervenen en la mem\u00f2ria i altres facultats mentals associades. Aquesta activitat consta de diferents sessions d\u2019una hora setmanal.<\/p>\n<p>El Taller de Gimn\u00e0s t\u00e9 com a finalitat mantenir la forma f\u00edsica i promoure un envelliment saludable. Les activitats programades permeten mantenir i millorar les capacitats f\u00edsiques, treballar la mobilitat, la for\u00e7a, la flexibilitat, la coordinaci\u00f3, l\u2019equilibri i la respiraci\u00f3. El Taller tamb\u00e9 facilita t\u00e8cniques de relaxaci\u00f3 i bons h\u00e0bits per prevenir lesions. El Taller es duu a terme en diferents sessions d\u2019una hora setmanal.<\/p>\n<p>Aquesta primavera es faran 38 tallers de Mem\u00f2ria en els municipis seg\u00fcents: Albany\u00e0, Avinyonet de Puigvent\u00f3s, B\u00e0scara, Biure, Cabanes, Castell\u00f3 d&#8217;Emp\u00faries, Colera, L&#8217;Escala, Espolla, El Far d&#8217;Empord\u00e0, Forti\u00e0, Garrig\u00e0s, La Jonquera, Llad\u00f3, Llan\u00e7\u00e0, Mollet de Peralada, Peralada, Pont\u00f3s, El Port de la Selva, Roses, Sant Climent Sescebes, Sant Miquel de Fluvi\u00e0, Santa Llogaia d&#8217;\u00c0lguema, Siurana, Terrades, Torroella de Fluvi\u00e0, Vilamalla, Vilanova de la Muga i Vila-sacra.<\/p>\n<p>Tamb\u00e9 s\u2019han programat 17 Tallers de Gimn\u00e0s en els municipis seg\u00fcents: Cadaqu\u00e9s, Cantallops, Capmany, Darnius, Garrig\u00e0s, La Jonquera, El Far d&#8217;Empord\u00e0, Forti\u00e0, Llan\u00e7\u00e0, Masarac, Navata, Ordis, Palau de Santa Eul\u00e0lia, Pau, Pont\u00f3s, Sant Pere Pescador, Selva de Mar i Torroella de Fluvi\u00e0.<\/p>\n<p>Si teniu inter\u00e8s a participar en algun d\u2019aquests Tallers, podeu consultar <a href=\"https:\/\/inclusioaltemporda.cat\/portal\/wp-content\/uploads\/Tallers-primavera-2019.pdf\" target=\"_blank\" rel=\"noopener\">municipis i horaris en aquest enlla\u00e7<\/a>.<\/p>\n","protected":false},"excerpt":{"rendered":"<p>Aquest mes de mar\u00e7 es posa en marxa una nova edici\u00f3 d&#8217;aquest programa comarcal amb 38 Tallers de Mem\u00f2ria i 17 Tallers de Gimn\u00e0s per a gent gran en diferents municipis de la comarca.<\/p>\n","protected":false},"author":2,"featured_media":4012,"comment_status":"closed","ping_status":"closed","sticky":false,"template":"","format":"standard","meta":{"footnotes":""},"categories":[106,100,101,1,108],"tags":[],"class_list":["post-7105","post","type-post","status-publish","format-standard","has-post-thumbnail","hentry","category-administracions","category-area-benestar","category-ciutadania","category-general","category-mitjans-comunicacio","category-106","category-100","category-101","category-1","category-108","description-off"],"_links":{"self":[{"href":"https:\/\/inclusioaltemporda.cat\/portal\/wp-json\/wp\/v2\/posts\/7105","targetHints":{"allow":["GET"]}}],"collection":[{"href":"https:\/\/inclusioaltemporda.cat\/portal\/wp-json\/wp\/v2\/posts"}],"about":[{"href":"https:\/\/inclusioaltemporda.cat\/portal\/wp-json\/wp\/v2\/types\/post"}],"author":[{"embeddable":true,"href":"https:\/\/inclusioaltemporda.cat\/portal\/wp-json\/wp\/v2\/users\/2"}],"replies":[{"embeddable":true,"href":"https:\/\/inclusioaltemporda.cat\/portal\/wp-json\/wp\/v2\/comments?post=7105"}],"version-history":[{"count":6,"href":"https:\/\/inclusioaltemporda.cat\/portal\/wp-json\/wp\/v2\/posts\/7105\/revisions"}],"predecessor-version":[{"id":7112,"href":"https:\/\/inclusioaltemporda.cat\/portal\/wp-json\/wp\/v2\/posts\/7105\/revisions\/7112"}],"wp:featuredmedia":[{"embeddable":true,"href":"https:\/\/inclusioaltemporda.cat\/portal\/wp-json\/wp\/v2\/media\/4012"}],"wp:attachment":[{"href":"https:\/\/inclusioaltemporda.cat\/portal\/wp-json\/wp\/v2\/media?parent=7105"}],"wp:term":[{"taxonomy":"category","embeddable":true,"href":"https:\/\/inclusioaltemporda.cat\/portal\/wp-json\/wp\/v2\/categories?post=7105"},{"taxonomy":"post_tag","embeddable":true,"href":"https:\/\/inclusioaltemporda.cat\/portal\/wp-json\/wp\/v2\/tags?post=7105"}],"curies":[{"name":"wp","href":"https:\/\/api.w.org\/{rel}","templated":true}]}}