{"id":7125,"date":"2019-03-07T13:21:20","date_gmt":"2019-03-07T12:21:20","guid":{"rendered":"https:\/\/inclusioaltemporda.cat\/portal\/?p=7125"},"modified":"2019-03-07T13:24:09","modified_gmt":"2019-03-07T12:24:09","slug":"mes-de-12-professionals-ja-han-participat-al-programa-de-dones-referents-comunitaries-de-lalt-emporda","status":"publish","type":"post","link":"https:\/\/inclusioaltemporda.cat\/portal\/mes-de-12-professionals-ja-han-participat-al-programa-de-dones-referents-comunitaries-de-lalt-emporda\/","title":{"rendered":"M\u00e9s de 12 professionals ja han participat en la formaci\u00f3 del programa de Dones Referents Comunit\u00e0ries de l&#8217;Alt Empord\u00e0"},"content":{"rendered":"<p>Des de finals del mes de gener que es va posar en marxa el programa de Dones Referents Comunit\u00e0ries de l&#8217;Alt Empord\u00e0,\u00a0m\u00e9s de 12 professionals de l&#8217;\u00e0mbit de la intervenci\u00f3 social i la salut han\u00a0fet sessions de formaci\u00f3 a aquest grup de 14 dones.<\/p>\n<p>En aquests moments s&#8217;est\u00e0 implementant la primera fase\u00a0del programa centrada\u00a0en una\u00a0formaci\u00f3\u00a0intensiva de les dones referents comunit\u00e0ries. Aquesta\u00a0formaci\u00f3 de 200 hores que acabar\u00e0 a finals del mes\u00a0de juny, es centra en diversos \u00e0mbits i est\u00e0 orientada a facilitar\u00a0 informaci\u00f3 i\u00a0coneixement de primera m\u00e0 dels\u00a0recursos i serveis p\u00fablics que existeixen al territori. En les primeres sis setmanes de formaci\u00f3,\u00a0diversos professionals han presentat i treballat amb les dones les q\u00fcestions seg\u00fcents:\u00a0processos migratoris i la construcci\u00f3 de la diversitat cultural;\u00a0mediaci\u00f3 intercultural;\u00a0serveis socials b\u00e0sics;\u00a0Servei d&#8217;Atenci\u00f3 i Informaci\u00f3 a les Dones de l&#8217;Alt Empord\u00e0,\u00a0acompanyament a la inf\u00e0ncia i els joves,\u00a0acompanyament a la gent gran,\u00a0serveis d&#8217;habitatge i\u00a0el sistema catal\u00e0 de salut.<\/p>\n<p>Els professionals que han acompanyat les dones referents comunit\u00e0ries\u00a0en aquest inici del programa treballen en diversos serveis p\u00fablics: Pere Cortada, t\u00e8cnic en pol\u00edtiques migrat\u00f2ries de la Secretaria d\u2019Igualtat, Migracions i Ciutadania de la Generalitat de Catalunya; Ouafae Acharki, mediadora intercultural Equip d\u2019inclusi\u00f3 del Consell Comarcal Alt Empord\u00e0; Carme Ortega, coordinadora dels Serveis Socials B\u00e0sics del CCAE; Elisabet Franco, t\u00e8cnica del SIAD de l\u2019Alt Empord\u00e0; Neus Juanola, t\u00e8cnica en pol\u00edtiques migrat\u00f2ries del CCAE; Cristina Cantarero, coordinadora\u00a0Equip d\u2019Atenci\u00f3 a la Inf\u00e0ncia i l\u2019Adolesc\u00e8ncia de l\u2019Alt Empord\u00e0; Mar del Mar Carreres, Servei d&#8217;Orientaci\u00f3 i Acompanyament a les Fam\u00edlies del CCAE; Gl\u00f2ria Pla, coordinadora del Programa d\u2019Atenci\u00f3 a la Depend\u00e8ncia del CCAE; Eva Coromines, servei de ter\u00e0pia ocupacional del CCAE; Ester Tomar, coordinadora\u00a0Oficina Local d\u2019Habitatge del CCAE; Xavier Burjons, cap\u00a0de la Unitat Transversal Regi\u00f3 Sanit\u00e0ria Girona de CatSalut i\u00a0Carles Mundet, cap del servei de\u00a0promoci\u00f3 de la Salut a Girona de CatSalut.<\/p>\n<p>El <a href=\"https:\/\/inclusioaltemporda.cat\/portal\/lequip-dinclusio-posa-en-marxa-el-programa-de-dones-referents-comunitaries-de-lalt-emporda\/\">programa de Dones Referents Comunit\u00e0ries de l&#8217;Alt Empord\u00e0 ha estat posat en marxa per l\u2019equip d\u2019Inclusi\u00f3 i Atenci\u00f3 a la Comunitat del Consell Comarcal<\/a>. Respon a la necessitat de posar en marxa una l\u00ednia d\u2019intervenci\u00f3\u00a0innovadora, flexible i propera orientada a refor\u00e7ar l\u2019empoderament d\u2019un grup de dones de la comarca d\u2019origen migrant, amb l\u2019objectiu de facilitar processos d\u2019intervenci\u00f3 comunit\u00e0ria amb diversos agents de la comarca per refor\u00e7ar la inclusi\u00f3 i cohesi\u00f3 social.<\/p>\n<p>Aquest programa compta amb la col\u00b7laboraci\u00f3 de la\u00a0<a href=\"https:\/\/obrasociallacaixa.org\/ca\/pobreza-accion-social\/interculturalidad-y-cohesion-social\/interculturalidad-y-accion-social\"> Convocat\u00f2ria Interculturalitat i Acci\u00f3 Social 2018 de la Fundaci\u00f3 Banc\u00e0ria La Caixa <\/a>i t\u00e9 una durada d\u2019un any.Dissenyat des d\u2019una perspectiva de g\u00e8nere per empoderar dones d\u2019origen migrant de diferents creences, \u00e8tnies i or\u00edgens, s\u2019orienta a atendre adequadament les seves necessitats, refor\u00e7ar el treball entre grups d\u2019iguals i la intervenci\u00f3 comunit\u00e0ria a la comarca.<\/p>\n","protected":false},"excerpt":{"rendered":"<p>Des de finals del mes de gener que es va posar en marxa el programa de Dones Referents Comunit\u00e0ries de l&#8217;Alt Empord\u00e0, m\u00e9s de 12 professionals de l&#8217;\u00e0mbit de la intervenci\u00f3 social i la salut han fet sessions de formaci\u00f3 a aquest grup de 14 dones.<\/p>\n","protected":false},"author":2,"featured_media":7126,"comment_status":"closed","ping_status":"closed","sticky":false,"template":"","format":"standard","meta":{"footnotes":""},"categories":[106,100,107,101,105,104,103,1,108,13,12,102,11],"tags":[],"class_list":["post-7125","post","type-post","status-publish","format-standard","has-post-thumbnail","hentry","category-administracions","category-area-benestar","category-centres-recerca-universitats","category-ciutadania","category-empreses","category-entitats-socials","category-estudiants-escoles-instituts","category-general","category-mitjans-comunicacio","category-observatori-inclusio-social-alt-emporda","category-pla-dinclusio-2","category-professionals-ambit-social","category-taula-inclusio","category-106","category-100","category-107","category-101","category-105","category-104","category-103","category-1","category-108","category-13","category-12","category-102","category-11","description-off"],"_links":{"self":[{"href":"https:\/\/inclusioaltemporda.cat\/portal\/wp-json\/wp\/v2\/posts\/7125","targetHints":{"allow":["GET"]}}],"collection":[{"href":"https:\/\/inclusioaltemporda.cat\/portal\/wp-json\/wp\/v2\/posts"}],"about":[{"href":"https:\/\/inclusioaltemporda.cat\/portal\/wp-json\/wp\/v2\/types\/post"}],"author":[{"embeddable":true,"href":"https:\/\/inclusioaltemporda.cat\/portal\/wp-json\/wp\/v2\/users\/2"}],"replies":[{"embeddable":true,"href":"https:\/\/inclusioaltemporda.cat\/portal\/wp-json\/wp\/v2\/comments?post=7125"}],"version-history":[{"count":3,"href":"https:\/\/inclusioaltemporda.cat\/portal\/wp-json\/wp\/v2\/posts\/7125\/revisions"}],"predecessor-version":[{"id":7129,"href":"https:\/\/inclusioaltemporda.cat\/portal\/wp-json\/wp\/v2\/posts\/7125\/revisions\/7129"}],"wp:featuredmedia":[{"embeddable":true,"href":"https:\/\/inclusioaltemporda.cat\/portal\/wp-json\/wp\/v2\/media\/7126"}],"wp:attachment":[{"href":"https:\/\/inclusioaltemporda.cat\/portal\/wp-json\/wp\/v2\/media?parent=7125"}],"wp:term":[{"taxonomy":"category","embeddable":true,"href":"https:\/\/inclusioaltemporda.cat\/portal\/wp-json\/wp\/v2\/categories?post=7125"},{"taxonomy":"post_tag","embeddable":true,"href":"https:\/\/inclusioaltemporda.cat\/portal\/wp-json\/wp\/v2\/tags?post=7125"}],"curies":[{"name":"wp","href":"https:\/\/api.w.org\/{rel}","templated":true}]}}