{"id":7131,"date":"2019-03-19T10:31:52","date_gmt":"2019-03-19T09:31:52","guid":{"rendered":"https:\/\/inclusioaltemporda.cat\/portal\/?p=7131"},"modified":"2019-03-19T10:50:17","modified_gmt":"2019-03-19T09:50:17","slug":"estudiants-i-professors-del-master-de-politiques-social-i-accio-comunitaria-visiten-lalt-emporda","status":"publish","type":"post","link":"https:\/\/inclusioaltemporda.cat\/portal\/estudiants-i-professors-del-master-de-politiques-social-i-accio-comunitaria-visiten-lalt-emporda\/","title":{"rendered":"Estudiants i professors del M\u00e0ster de Pol\u00edtiques Socials i Acci\u00f3 Comunit\u00e0ria visiten l&#8217;Alt Empord\u00e0"},"content":{"rendered":"<p>L&#8217;\u00e0rea de Benestar del Consell Comarcal de l&#8217;Alt Empord\u00e0 va acollir divendres i dissabte passat una visita d&#8217;estudiants i professors del <a href=\"http:\/\/escoladeligop.com\/master\/\" target=\"_blank\" rel=\"noopener\">M\u00e0ster Interuniversitari en Pol\u00edtiques Socials i Acci\u00f3 Comunit\u00e0ria<\/a>.<\/p>\n<p>La visita tenia com a principal finalitat con\u00e8ixer el desplegament de pol\u00edtiques p\u00fabliques, programes i serveis en l&#8217;\u00e0mbit de les pol\u00edtiques socials a l&#8217;Alt Empord\u00e0. En el marc d&#8217;aquesta activitat l&#8217;\u00e0rea de Benestar del Consell Comarcal va presentar els diferents equips i serveis que integren la seva cartera de serveis socials aix\u00ed com el equips especialitzats que despleguen programes i projectes amb una orientaci\u00f3 m\u00e9s comunit\u00e0ria.<\/p>\n<p>Per altra banda, tamb\u00e9 es va presentar el <a href=\"https:\/\/inclusioaltemporda.cat\/portal\/programa-dones-referents-comunitaries-de-lalt-emporda\/\" target=\"_blank\" rel=\"noopener\">Programa de dones referents comunit\u00e0ries de l&#8217;Alt Empord\u00e0<\/a>, orientat a refor\u00e7ar l\u2019empoderament d\u2019un grup de dones de la comarca d\u2019origen migrant, amb l\u2019objectiu de facilitar processos d\u2019intervenci\u00f3 comunit\u00e0ria amb diversos agents de la comarca per refor\u00e7ar la inclusi\u00f3 i cohesi\u00f3 social. Aquesta presentaci\u00f3 la van dur a terme les dones participants en el programa.<\/p>\n<p>Una de les activitats de la visita va ser una sessi\u00f3 de treball i debat sobre Territori i Exclusi\u00f3 social amb diferents entitats de la Taula d&#8217;Inclusi\u00f3 Social de l&#8217;Alt Empord\u00e0. Aquesta sessi\u00f3 va servir alhora per ampliar el treball de diagn\u00f2stic social i de la xarxa professional en l&#8217;\u00e0mbit de la intervenci\u00f3 social que el Consell Comarcal de l&#8217;Alt Empord\u00e0 est\u00e0 promovent en el marc de l&#8217;<a href=\"https:\/\/inclusioaltemporda.cat\/portal\/cooperacio-transfronterera-3\/projecte-transfronterer-prospectsaso\/\" target=\"_blank\" rel=\"noopener\">activitat 4.3 del projecte transfronterer PROSPECTSASO<\/a>.<\/p>\n<p>Finalment, dissabte es va realitzar una presentaci\u00f3 de la intervenci\u00f3 duta a terme en el marc de Programa de millora social del Pla de Barris del Nucli Antic de l&#8217;Escala, implementat per l&#8217;Equip d&#8217;Inclusi\u00f3 i Atenci\u00f3 a la Comunitat durant l&#8217;any 2018. Aquesta activitat de la visita va comptar amb la participaci\u00f3 de ve\u00efns i ve\u00efnes i entitats dels municipi, que van compartir amb els participants la seva visi\u00f3 i valoraci\u00f3 sobre l&#8217;experi\u00e8ncia de treball del Programa de millora social.<\/p>\n<p>&nbsp;<\/p>\n<p>&nbsp;<\/p>\n<p>&nbsp;<\/p>\n","protected":false},"excerpt":{"rendered":"<p>La visita, realitzada divendres i dissabte passat, tenia com a principal finalitat con\u00e8ixer el desplegament de pol\u00edtiques p\u00fabliques, programes i serveis en l&#8217;\u00e0mbit de les pol\u00edtiques socials a la comarca<\/p>\n","protected":false},"author":2,"featured_media":7134,"comment_status":"closed","ping_status":"closed","sticky":false,"template":"","format":"standard","meta":{"footnotes":""},"categories":[106,100,107,104,103,1,108,13,12,115,11],"tags":[],"class_list":["post-7131","post","type-post","status-publish","format-standard","has-post-thumbnail","hentry","category-administracions","category-area-benestar","category-centres-recerca-universitats","category-entitats-socials","category-estudiants-escoles-instituts","category-general","category-mitjans-comunicacio","category-observatori-inclusio-social-alt-emporda","category-pla-dinclusio-2","category-projectes-transfronterers","category-taula-inclusio","category-106","category-100","category-107","category-104","category-103","category-1","category-108","category-13","category-12","category-115","category-11","description-off"],"_links":{"self":[{"href":"https:\/\/inclusioaltemporda.cat\/portal\/wp-json\/wp\/v2\/posts\/7131","targetHints":{"allow":["GET"]}}],"collection":[{"href":"https:\/\/inclusioaltemporda.cat\/portal\/wp-json\/wp\/v2\/posts"}],"about":[{"href":"https:\/\/inclusioaltemporda.cat\/portal\/wp-json\/wp\/v2\/types\/post"}],"author":[{"embeddable":true,"href":"https:\/\/inclusioaltemporda.cat\/portal\/wp-json\/wp\/v2\/users\/2"}],"replies":[{"embeddable":true,"href":"https:\/\/inclusioaltemporda.cat\/portal\/wp-json\/wp\/v2\/comments?post=7131"}],"version-history":[{"count":5,"href":"https:\/\/inclusioaltemporda.cat\/portal\/wp-json\/wp\/v2\/posts\/7131\/revisions"}],"predecessor-version":[{"id":7137,"href":"https:\/\/inclusioaltemporda.cat\/portal\/wp-json\/wp\/v2\/posts\/7131\/revisions\/7137"}],"wp:featuredmedia":[{"embeddable":true,"href":"https:\/\/inclusioaltemporda.cat\/portal\/wp-json\/wp\/v2\/media\/7134"}],"wp:attachment":[{"href":"https:\/\/inclusioaltemporda.cat\/portal\/wp-json\/wp\/v2\/media?parent=7131"}],"wp:term":[{"taxonomy":"category","embeddable":true,"href":"https:\/\/inclusioaltemporda.cat\/portal\/wp-json\/wp\/v2\/categories?post=7131"},{"taxonomy":"post_tag","embeddable":true,"href":"https:\/\/inclusioaltemporda.cat\/portal\/wp-json\/wp\/v2\/tags?post=7131"}],"curies":[{"name":"wp","href":"https:\/\/api.w.org\/{rel}","templated":true}]}}