{"id":7143,"date":"2019-03-25T10:00:29","date_gmt":"2019-03-25T09:00:29","guid":{"rendered":"https:\/\/inclusioaltemporda.cat\/portal\/?p=7143"},"modified":"2019-03-22T10:02:01","modified_gmt":"2019-03-22T09:02:01","slug":"professionals-de-larea-de-benestar-del-consell-comarcal-de-lalt-emporda-participen-en-una-formacio-sobre-acollida-i-acompanyament-de-persones-estrangeres-a-toulouse","status":"publish","type":"post","link":"https:\/\/inclusioaltemporda.cat\/portal\/professionals-de-larea-de-benestar-del-consell-comarcal-de-lalt-emporda-participen-en-una-formacio-sobre-acollida-i-acompanyament-de-persones-estrangeres-a-toulouse\/","title":{"rendered":"Professionals de l\u2019\u00e0rea de Benestar del Consell Comarcal de l\u2019Alt Empord\u00e0 participen en una formaci\u00f3 sobre acollida i acompanyament de persones estrangeres a Toulouse"},"content":{"rendered":"<p align=\"justify\">L\u2019Equip d\u2019Inclusi\u00f3 i Atenci\u00f3 a la Comunitat est\u00e0 participant durant tota aquesta setmana en una formaci\u00f3 al <a href=\"http:\/\/www.erasme.fr\/\">Centre ERASME de Toulouse (<\/a><a href=\"http:\/\/www.erasme.fr\/\"><i>Centre R\u00e9gional de formation aux M\u00e9tiers du social<\/i><\/a><a href=\"http:\/\/www.erasme.fr\/\">)<\/a> centrada l\u2019acompanyament i acollida de persones estrangers a Fran\u00e7a i Toulouse. Aquesta estada permetr\u00e0 aprofundir en el coneixement de l\u2019equip sobre una realitat social concreta i les estrat\u00e8gies d\u2019abordatge desenvolupades en aquesta ciutat.<\/p>\n<p align=\"justify\">El Centre ERASME de Toulouse, que \u00e9s la instituci\u00f3 de de refer\u00e8ncia de la Regi\u00f3 d\u2019Occit\u00e0nia en la formaci\u00f3 de professionals en l\u2019\u00e0mbit del treball social, \u00e9s tamb\u00e9 soci del projecte transfronterer <a href=\"https:\/\/www.prospectsaso.com\/ca\/\">PROSPECTSASO<\/a> en que est\u00e0 participant el Consell Comarcal durant el per\u00edode 2016-2019.<\/p>\n<p align=\"justify\">El programa de formaci\u00f3 tamb\u00e9 comptar\u00e0 amb visites presencials a diferents estructures professionals i serveis p\u00fablics i associatius de Toulouse que treballen en l\u2019\u00e0mbit de l\u2019atenci\u00f3 a la diversitat i l\u2019acompanyament a persones d\u2019origen migrant.<\/p>\n<p align=\"justify\">En el marc d\u2019aquesta visita tamb\u00e9 es treballar\u00e0 en la preparaci\u00f3 del Seminari final de l\u2019activitat 4.3 del projecte PROSPECTSASO que es celebrar\u00e0 el proper 14 de juny al municipi de Ribesaltes. Aquesta activitat, liderada per l\u2019\u00e0rea de Benestar del Consell Comarcal, t\u00e9 com a objectiu dinamitzar la xarxa de professionals d\u2019acollida i acompanyament de les persones estrangeres amb la qual compten les administracions p\u00fabliques i les entitats socials de l\u2019Espai Catal\u00e0 Transfronterer.<\/p>\n<p align=\"justify\">L\u2019\u00e0rea de Benestar del Consell Comarcal de l\u2019Alt Empord\u00e0 forma part del partenariat del <a href=\"http:\/\/www.altemporda.org\/portal\/benestar-social\/projecte-transfronterer-prospectsaso\">projecte PROSPECTSASO<\/a> \u2013 Prospectiva transfronterera sanit\u00e0ria i social, liderat per la Universitat de Perpiny\u00e0, que compta amb el 65% de finan\u00e7ament del Fons Europeu de Desenvolupament Regional (FEDER) a trav\u00e9s del programa Interreg V-A Espanya-Fran\u00e7a-Andorra (POCTEFA 2014-2020).<\/p>\n<p align=\"justify\">El projecte PROSPECTSASO t\u00e9 com a finalitat refor\u00e7ar la professionalitzaci\u00f3 de l\u2019\u00e0mbit social i sanitari en l\u2019espai transfronterer franco-catal\u00e0 (zona est) i la seva extensi\u00f3 a les \u00e0rees de Barcelona i Toulouse a partir d\u2019un treball en xarxa entre els diferents socis. Aquest projecte es va posar en marxa el mes de setembre de 2016 i estar\u00e0 actiu fins a finals de l\u2019any 2019.<\/p>\n<p align=\"justify\">La finalitat del projecte PROSPECTSASO \u00e9s millorar el coneixement sobre la realitat social i sanit\u00e0ria transfronterera i els efectes frontera en p\u00fablics m\u00e9s vulnerables (persones en situaci\u00f3 de risc d\u2019exclusi\u00f3 social, infants en risc, persones en situaci\u00f3 de discriminaci\u00f3, persones grans o persones amb discapacitat, entre d\u2019altres), per tal de respondre adequadament a les necessitats socials que presenta el nostre territori.<\/p>\n","protected":false},"excerpt":{"rendered":"<p>L\u2019Equip d\u2019Inclusi\u00f3 i Atenci\u00f3 a la Comunitat est\u00e0 participant durant tota aquesta setmana en una formaci\u00f3 al Centre ERASME de Toulouse (Centre R\u00e9gional de formation aux M\u00e9tiers du social) <\/p>\n","protected":false},"author":2,"featured_media":4567,"comment_status":"closed","ping_status":"closed","sticky":false,"template":"","format":"standard","meta":{"footnotes":""},"categories":[106,33,100,107,101,104,1,108,12,102,115],"tags":[],"class_list":["post-7143","post","type-post","status-publish","format-standard","has-post-thumbnail","hentry","category-administracions","category-agenda","category-area-benestar","category-centres-recerca-universitats","category-ciutadania","category-entitats-socials","category-general","category-mitjans-comunicacio","category-pla-dinclusio-2","category-professionals-ambit-social","category-projectes-transfronterers","category-106","category-33","category-100","category-107","category-101","category-104","category-1","category-108","category-12","category-102","category-115","description-off"],"_links":{"self":[{"href":"https:\/\/inclusioaltemporda.cat\/portal\/wp-json\/wp\/v2\/posts\/7143","targetHints":{"allow":["GET"]}}],"collection":[{"href":"https:\/\/inclusioaltemporda.cat\/portal\/wp-json\/wp\/v2\/posts"}],"about":[{"href":"https:\/\/inclusioaltemporda.cat\/portal\/wp-json\/wp\/v2\/types\/post"}],"author":[{"embeddable":true,"href":"https:\/\/inclusioaltemporda.cat\/portal\/wp-json\/wp\/v2\/users\/2"}],"replies":[{"embeddable":true,"href":"https:\/\/inclusioaltemporda.cat\/portal\/wp-json\/wp\/v2\/comments?post=7143"}],"version-history":[{"count":1,"href":"https:\/\/inclusioaltemporda.cat\/portal\/wp-json\/wp\/v2\/posts\/7143\/revisions"}],"predecessor-version":[{"id":7144,"href":"https:\/\/inclusioaltemporda.cat\/portal\/wp-json\/wp\/v2\/posts\/7143\/revisions\/7144"}],"wp:featuredmedia":[{"embeddable":true,"href":"https:\/\/inclusioaltemporda.cat\/portal\/wp-json\/wp\/v2\/media\/4567"}],"wp:attachment":[{"href":"https:\/\/inclusioaltemporda.cat\/portal\/wp-json\/wp\/v2\/media?parent=7143"}],"wp:term":[{"taxonomy":"category","embeddable":true,"href":"https:\/\/inclusioaltemporda.cat\/portal\/wp-json\/wp\/v2\/categories?post=7143"},{"taxonomy":"post_tag","embeddable":true,"href":"https:\/\/inclusioaltemporda.cat\/portal\/wp-json\/wp\/v2\/tags?post=7143"}],"curies":[{"name":"wp","href":"https:\/\/api.w.org\/{rel}","templated":true}]}}