{"id":7151,"date":"2019-04-12T09:58:20","date_gmt":"2019-04-12T08:58:20","guid":{"rendered":"https:\/\/inclusioaltemporda.cat\/portal\/?p=7151"},"modified":"2019-04-12T12:15:01","modified_gmt":"2019-04-12T11:15:01","slug":"seminari-transfronterer-a-figueres-sobre-la-prevencio-del-maltractament-a-les-persones-grans","status":"publish","type":"post","link":"https:\/\/inclusioaltemporda.cat\/portal\/seminari-transfronterer-a-figueres-sobre-la-prevencio-del-maltractament-a-les-persones-grans\/","title":{"rendered":"Seminari transfronterer a Figueres sobre la prevenci\u00f3 del maltractament a les persones grans"},"content":{"rendered":"<p align=\"justify\">L&#8217;\u00e0rea de Benestar del Consell Comarcal de l&#8217;Alt Empord\u00e0, l&#8217;Association Joseph Sauvy i la Universitat de Barcelona, en tant que socis del <a href=\"https:\/\/www.prospectsaso.com\/\">projecte transfronterer PROSPECTSASO<\/a>, organitzen un nou seminari per\u00a0intercanviar coneixement i informaci\u00f3 a l&#8217;entorn la prevenci\u00f3 del maltractament a les persones grans a l&#8217;espai catal\u00e0 transfronterer.<\/p>\n<p align=\"justify\">Aquest seminari\u00a0tindr\u00e0 lloc\u00a0el proper 6 de juny a l&#8217;Auditori Narc\u00eds Monturiol del Cercle Sport Figuerenc i comptar\u00e0 amb diverses ponents de les dues vessants de la frontera que exposaran i compartiran\u00a0les seves experi\u00e8ncies de treball.<\/p>\n<p align=\"justify\">En <a href=\"https:\/\/inclusioaltemporda.cat\/portal\/wp-content\/uploads\/Programa-Seminari-06.06.2019.pdf\" target=\"_blank\" rel=\"noopener\">aquest enlla\u00e7<\/a> trobareu el programa del seminari i l&#8217;acc\u00e9s a la inscripci\u00f3 online. Les places s\u00f3n limitades i hi haur\u00e0 traducci\u00f3 simult\u00e0nia.<\/p>\n<p align=\"justify\">Aquest seminari s&#8217;inscriu en l&#8217;activitat 4.7 del projecte transfronterer PROSPECTSASO, que t\u00e9 com a principal objectiu fomentar el coneixement entre professionals especialitzats en l\u2019\u00e0mbit de la prevenci\u00f3, detecci\u00f3 i intervenci\u00f3 de maltractament a les persones grans.<\/p>\n<p align=\"justify\">La finalitat del projecte PROSPECTSASO \u00e9s millorar el coneixement sobre la realitat social i sanit\u00e0ria transfronterera i els efectes frontera en p\u00fablics m\u00e9s vulnerables (persones en situaci\u00f3 de risc d&#8217;exclusi\u00f3 social, infants en risc, persones en situaci\u00f3 de discriminaci\u00f3, persones grans o persones amb discapacitat, entre d&#8217;altres), per tal de respondre adequadament a les necessitats socials que presenta el nostre territori.<\/p>\n","protected":false},"excerpt":{"rendered":"<p>Aquest seminari tindr\u00e0 lloc el proper 6 de juny a l&#8217;Auditori Narc\u00eds Monturiol del Cercle Sport Figuerenc i comptar\u00e0 amb diverses ponents de les dues vessants de la frontera que exposaran i compartiran les seves experi\u00e8ncies de treball<\/p>\n","protected":false},"author":2,"featured_media":7068,"comment_status":"closed","ping_status":"closed","sticky":false,"template":"","format":"standard","meta":{"footnotes":""},"categories":[106,33,100,107,101,104,1,108,115],"tags":[],"class_list":["post-7151","post","type-post","status-publish","format-standard","has-post-thumbnail","hentry","category-administracions","category-agenda","category-area-benestar","category-centres-recerca-universitats","category-ciutadania","category-entitats-socials","category-general","category-mitjans-comunicacio","category-projectes-transfronterers","category-106","category-33","category-100","category-107","category-101","category-104","category-1","category-108","category-115","description-off"],"_links":{"self":[{"href":"https:\/\/inclusioaltemporda.cat\/portal\/wp-json\/wp\/v2\/posts\/7151","targetHints":{"allow":["GET"]}}],"collection":[{"href":"https:\/\/inclusioaltemporda.cat\/portal\/wp-json\/wp\/v2\/posts"}],"about":[{"href":"https:\/\/inclusioaltemporda.cat\/portal\/wp-json\/wp\/v2\/types\/post"}],"author":[{"embeddable":true,"href":"https:\/\/inclusioaltemporda.cat\/portal\/wp-json\/wp\/v2\/users\/2"}],"replies":[{"embeddable":true,"href":"https:\/\/inclusioaltemporda.cat\/portal\/wp-json\/wp\/v2\/comments?post=7151"}],"version-history":[{"count":2,"href":"https:\/\/inclusioaltemporda.cat\/portal\/wp-json\/wp\/v2\/posts\/7151\/revisions"}],"predecessor-version":[{"id":7155,"href":"https:\/\/inclusioaltemporda.cat\/portal\/wp-json\/wp\/v2\/posts\/7151\/revisions\/7155"}],"wp:featuredmedia":[{"embeddable":true,"href":"https:\/\/inclusioaltemporda.cat\/portal\/wp-json\/wp\/v2\/media\/7068"}],"wp:attachment":[{"href":"https:\/\/inclusioaltemporda.cat\/portal\/wp-json\/wp\/v2\/media?parent=7151"}],"wp:term":[{"taxonomy":"category","embeddable":true,"href":"https:\/\/inclusioaltemporda.cat\/portal\/wp-json\/wp\/v2\/categories?post=7151"},{"taxonomy":"post_tag","embeddable":true,"href":"https:\/\/inclusioaltemporda.cat\/portal\/wp-json\/wp\/v2\/tags?post=7151"}],"curies":[{"name":"wp","href":"https:\/\/api.w.org\/{rel}","templated":true}]}}