{"id":7161,"date":"2019-04-24T09:01:07","date_gmt":"2019-04-24T08:01:07","guid":{"rendered":"https:\/\/inclusioaltemporda.cat\/portal\/?p=7161"},"modified":"2019-04-24T09:01:07","modified_gmt":"2019-04-24T08:01:07","slug":"el-consell-comarcal-de-lalt-emporda-convoca-una-nova-edicio-del-concurs-de-cartells-del-dia-mundial-sense-tabac","status":"publish","type":"post","link":"https:\/\/inclusioaltemporda.cat\/portal\/el-consell-comarcal-de-lalt-emporda-convoca-una-nova-edicio-del-concurs-de-cartells-del-dia-mundial-sense-tabac\/","title":{"rendered":"El Consell Comarcal de l&#8217;Alt Empord\u00e0 convoca una nova edici\u00f3 del concurs de cartells del Dia Mundial Sense Tabac"},"content":{"rendered":"<p>L\u2019Organitzaci\u00f3 Mundial de la Salut celebra cada any, pel 31 de maig, el Dia Mundial Sense Tabac, amb la finalitat de sensibilitzar la poblaci\u00f3 sobre els danys per a la salut que comporta el consum de tabac i per tal d&#8217;estimular la reflexi\u00f3 al voltant de la necessitat d\u2019evitar la iniciaci\u00f3 i el consum entre els adolescents i joves. En aquest sentit el Consell de l&#8217;Alt Empord\u00e0 ha convocat el 18\u00e8 Concurs Comarcal de Cartells que enguany porta el lema \u201cQue no et fumin&#8230; respira\u201d, adaptat de l\u2019original \u201cTabac i salut pulmonar\u201d.<\/p>\n<p>Aquesta iniciativa es troba inclosa en el marc del programa de prevenci\u00f3 de les drogodepend\u00e8ncies de la nostra comarca i s\u2019ha convidat a tots els alumnes dels centres d&#8217;educaci\u00f3 secund\u00e0ria de l\u2019Alt Empord\u00e0 a participar en aquesta activitat. Segons les bases del concurs, el guanyador rebr\u00e0 un premi valorat en 100 euros i el centre al que pertanyi rebr\u00e0 material educatiu per un valor de 300 euros.<\/p>\n<p>Els cartells participants en el concurs hauran de ser lliurats a la seu del Consell Comarcal de l\u2019Alt Empord\u00e0 al carrer Nou 48, de Figueres, abans del proper dijous dia 25 d\u2019abril. La data del lliurament de premis ser\u00e0 el divendres 31 de maig de 2019, a les 13h , a la seu de la instituci\u00f3 comarcal.<\/p>\n","protected":false},"excerpt":{"rendered":"<p>Aquesta iniciativa es troba inclosa en el marc del programa de prevenci\u00f3 de les drogodepend\u00e8ncies de la nostra comarca i s\u2019ha convidat a tots els alumnes dels centres d&#8217;educaci\u00f3 secund\u00e0ria de l\u2019Alt Empord\u00e0 a participar en aquesta activitat.<\/p>\n","protected":false},"author":2,"featured_media":4048,"comment_status":"closed","ping_status":"closed","sticky":false,"template":"","format":"standard","meta":{"footnotes":""},"categories":[33,100,101,103,1,108],"tags":[],"class_list":["post-7161","post","type-post","status-publish","format-standard","has-post-thumbnail","hentry","category-agenda","category-area-benestar","category-ciutadania","category-estudiants-escoles-instituts","category-general","category-mitjans-comunicacio","category-33","category-100","category-101","category-103","category-1","category-108","description-off"],"_links":{"self":[{"href":"https:\/\/inclusioaltemporda.cat\/portal\/wp-json\/wp\/v2\/posts\/7161","targetHints":{"allow":["GET"]}}],"collection":[{"href":"https:\/\/inclusioaltemporda.cat\/portal\/wp-json\/wp\/v2\/posts"}],"about":[{"href":"https:\/\/inclusioaltemporda.cat\/portal\/wp-json\/wp\/v2\/types\/post"}],"author":[{"embeddable":true,"href":"https:\/\/inclusioaltemporda.cat\/portal\/wp-json\/wp\/v2\/users\/2"}],"replies":[{"embeddable":true,"href":"https:\/\/inclusioaltemporda.cat\/portal\/wp-json\/wp\/v2\/comments?post=7161"}],"version-history":[{"count":1,"href":"https:\/\/inclusioaltemporda.cat\/portal\/wp-json\/wp\/v2\/posts\/7161\/revisions"}],"predecessor-version":[{"id":7162,"href":"https:\/\/inclusioaltemporda.cat\/portal\/wp-json\/wp\/v2\/posts\/7161\/revisions\/7162"}],"wp:featuredmedia":[{"embeddable":true,"href":"https:\/\/inclusioaltemporda.cat\/portal\/wp-json\/wp\/v2\/media\/4048"}],"wp:attachment":[{"href":"https:\/\/inclusioaltemporda.cat\/portal\/wp-json\/wp\/v2\/media?parent=7161"}],"wp:term":[{"taxonomy":"category","embeddable":true,"href":"https:\/\/inclusioaltemporda.cat\/portal\/wp-json\/wp\/v2\/categories?post=7161"},{"taxonomy":"post_tag","embeddable":true,"href":"https:\/\/inclusioaltemporda.cat\/portal\/wp-json\/wp\/v2\/tags?post=7161"}],"curies":[{"name":"wp","href":"https:\/\/api.w.org\/{rel}","templated":true}]}}