{"id":7167,"date":"2019-05-14T09:40:04","date_gmt":"2019-05-14T08:40:04","guid":{"rendered":"https:\/\/inclusioaltemporda.cat\/portal\/?p=7167"},"modified":"2019-05-14T10:43:08","modified_gmt":"2019-05-14T09:43:08","slug":"projeccio-del-documental-enfemme-en-motiu-del-dia-internacional-conta-la-lgtbfobia","status":"publish","type":"post","link":"https:\/\/inclusioaltemporda.cat\/portal\/projeccio-del-documental-enfemme-en-motiu-del-dia-internacional-conta-la-lgtbfobia\/","title":{"rendered":"Projecci\u00f3 del documental &#8220;EnFemme&#8221; en motiu del Dia Internacional contra la LGTBf\u00f2bia"},"content":{"rendered":"<p>El Servei atenci\u00f3 integral (SAI) LGTBI del Consell Comarcal de l\u2019Alt Empord\u00e0 organitza aquest proper divendres 17 de Maig la projecci\u00f3 del <a href=\"http:\/\/enfemmedoc.com\/\" target=\"_blank\" rel=\"noopener\">documental &#8220;EnFemme&#8221;<\/a> als Cinema Las Vegas de Figueres per celebrar el Dia Internacional contra la LGTBIf\u00f2bia.<\/p>\n<p>La projecci\u00f3 finalitzar\u00e0 amb una col\u00b7loqui que comptar\u00e0 amb la participaci\u00f3 de la directora, Alba Barb\u00e9, i de diferents protagonistes del documental.<\/p>\n<p>La projecci\u00f3 \u00e9s gratu\u00efta i est\u00e0 oberta a tothom, tot i que la sala t\u00e9 un aforament limitat.<\/p>\n<p>Sinopsis del documental:<\/p>\n<p><em>&#8220;EnFemme, un petit refugi per a l\u2019anonimat a la metr\u00f2polis de Barcelona, obre la porta al Secret: \u201cm\u2019agrada vestir de dona\u201d. A poc a poc descobrir\u00e0 la flu\u00efdesa del g\u00e8nere en un m\u00f3n vertigin\u00f3s que exigeix constantment posicionar-nos.<\/em><\/p>\n<p><em>Amb el\u00a0boom\u00a0d\u2019internet surt a la llum un col\u00b7lectiu de persones que comencen a pensar-se com a \u201ccross-dressers\u201d. No els encaixava la imatge que deix\u00e0 en her\u00e8ncia \u201cla travest\u00ed\u201d en els moviments d\u2019alliberament sexual durant el tardofranquisme o \u201cla Transici\u00f3\u201d.\u00a0EnFemme\u00a0revela el silenci d\u2019una viv\u00e8ncia que ja no es pot mantenir oculta per\u00f2 tamb\u00e9 la solidaritat i la import\u00e0ncia del plaer a l\u2019hora de construir la identitat.<\/em><\/p>\n<p><em>Amb ell, ens convertim en testimonis del naixement d\u2019una comunitat.&#8221;<\/em><\/p>\n<p><img loading=\"lazy\" decoding=\"async\" class=\"size-large wp-image-7168 alignleft\" src=\"https:\/\/inclusioaltemporda.cat\/portal\/wp-content\/uploads\/CARTELL-PROJECCI\u00d3-EN-FEMME-724x1024.jpg\" alt=\"\" width=\"724\" height=\"1024\" srcset=\"https:\/\/inclusioaltemporda.cat\/portal\/wp-content\/uploads\/CARTELL-PROJECCI\u00d3-EN-FEMME-724x1024.jpg 724w, https:\/\/inclusioaltemporda.cat\/portal\/wp-content\/uploads\/CARTELL-PROJECCI\u00d3-EN-FEMME-212x300.jpg 212w, https:\/\/inclusioaltemporda.cat\/portal\/wp-content\/uploads\/CARTELL-PROJECCI\u00d3-EN-FEMME-768x1086.jpg 768w, https:\/\/inclusioaltemporda.cat\/portal\/wp-content\/uploads\/CARTELL-PROJECCI\u00d3-EN-FEMME.jpg 1654w\" sizes=\"auto, (max-width: 724px) 100vw, 724px\" \/><\/p>\n<p>&nbsp;<\/p>\n<p>&nbsp;<\/p>\n<p>&nbsp;<\/p>\n<p>&nbsp;<\/p>\n<p>&nbsp;<\/p>\n<p>&nbsp;<\/p>\n<p>&nbsp;<\/p>\n<p>&nbsp;<\/p>\n<p>&nbsp;<\/p>\n<p>&nbsp;<\/p>\n<p>&nbsp;<\/p>\n<p>&nbsp;<\/p>\n<p>&nbsp;<\/p>\n<p>&nbsp;<\/p>\n<p>&nbsp;<\/p>\n<p>&nbsp;<\/p>\n<p>&nbsp;<\/p>\n<p>&nbsp;<\/p>\n<p>&nbsp;<\/p>\n<p>&nbsp;<\/p>\n<p>&nbsp;<\/p>\n<p>&nbsp;<\/p>\n<p>&nbsp;<\/p>\n<p>&nbsp;<\/p>\n<p>&nbsp;<\/p>\n<p>&nbsp;<\/p>\n<p>&nbsp;<\/p>\n<p>&nbsp;<\/p>\n<p>&nbsp;<\/p>\n<p>&nbsp;<\/p>\n<p>&nbsp;<\/p>\n<p>&nbsp;<\/p>\n<p>El <a href=\"https:\/\/inclusioaltemporda.cat\/portal\/el-consell-comarcal-impulsa-el-servei-datencio-integral-lgtbi-a-lalt-emporda\/\" target=\"_blank\" rel=\"noopener\">SAI-LGTBI de l\u2019Alt Empord\u00e0<\/a> \u00e9s un servei d\u2019atenci\u00f3 integral, de qualitat i de proximitat adre\u00e7at a les persones que pateixin, hagin patit o estiguin en risc de patir discriminaci\u00f3 o viol\u00e8ncia per la seva orientaci\u00f3 sexual, identitat de g\u00e8nere o expressi\u00f3 de g\u00e8nere. El servei est\u00e0 gestionat des de l&#8217;Equip d&#8217;Inclusi\u00f3 i Atenci\u00f3 a la Comunitat de l&#8217;\u00c0rea de Benestar del Consell Comarcal de l&#8217;Alt Empord\u00e0 i at\u00e9n a tots els municipis de la comarca i Figueres, en horari d&#8217;atenci\u00f3 de dilluns a divendres de 9 a 14h. L\u2019equip est\u00e0 format per una educadora social, un psic\u00f2leg i una advocada.<\/p>\n<p>&nbsp;<\/p>\n","protected":false},"excerpt":{"rendered":"<p>El Servei atenci\u00f3 integral (SAI) LGTBI del Consell Comarcal de l\u2019Alt Em\u00f2rd\u00e0 organitza aquest proper divendres 17 de Maig la projecci\u00f3 del documental &#8220;EnFemme&#8221; als Cinema Las Vegas de Figueres per celebrar el Dia Internacional contra la LGTBIf\u00f2bia.<\/p>\n","protected":false},"author":2,"featured_media":7175,"comment_status":"closed","ping_status":"closed","sticky":false,"template":"","format":"standard","meta":{"footnotes":""},"categories":[106,33,100,101,104,103,1,108],"tags":[],"class_list":["post-7167","post","type-post","status-publish","format-standard","has-post-thumbnail","hentry","category-administracions","category-agenda","category-area-benestar","category-ciutadania","category-entitats-socials","category-estudiants-escoles-instituts","category-general","category-mitjans-comunicacio","category-106","category-33","category-100","category-101","category-104","category-103","category-1","category-108","description-off"],"_links":{"self":[{"href":"https:\/\/inclusioaltemporda.cat\/portal\/wp-json\/wp\/v2\/posts\/7167","targetHints":{"allow":["GET"]}}],"collection":[{"href":"https:\/\/inclusioaltemporda.cat\/portal\/wp-json\/wp\/v2\/posts"}],"about":[{"href":"https:\/\/inclusioaltemporda.cat\/portal\/wp-json\/wp\/v2\/types\/post"}],"author":[{"embeddable":true,"href":"https:\/\/inclusioaltemporda.cat\/portal\/wp-json\/wp\/v2\/users\/2"}],"replies":[{"embeddable":true,"href":"https:\/\/inclusioaltemporda.cat\/portal\/wp-json\/wp\/v2\/comments?post=7167"}],"version-history":[{"count":9,"href":"https:\/\/inclusioaltemporda.cat\/portal\/wp-json\/wp\/v2\/posts\/7167\/revisions"}],"predecessor-version":[{"id":7179,"href":"https:\/\/inclusioaltemporda.cat\/portal\/wp-json\/wp\/v2\/posts\/7167\/revisions\/7179"}],"wp:featuredmedia":[{"embeddable":true,"href":"https:\/\/inclusioaltemporda.cat\/portal\/wp-json\/wp\/v2\/media\/7175"}],"wp:attachment":[{"href":"https:\/\/inclusioaltemporda.cat\/portal\/wp-json\/wp\/v2\/media?parent=7167"}],"wp:term":[{"taxonomy":"category","embeddable":true,"href":"https:\/\/inclusioaltemporda.cat\/portal\/wp-json\/wp\/v2\/categories?post=7167"},{"taxonomy":"post_tag","embeddable":true,"href":"https:\/\/inclusioaltemporda.cat\/portal\/wp-json\/wp\/v2\/tags?post=7167"}],"curies":[{"name":"wp","href":"https:\/\/api.w.org\/{rel}","templated":true}]}}