{"id":7180,"date":"2019-05-20T08:30:32","date_gmt":"2019-05-20T07:30:32","guid":{"rendered":"https:\/\/inclusioaltemporda.cat\/portal\/?p=7180"},"modified":"2019-05-14T12:45:21","modified_gmt":"2019-05-14T11:45:21","slug":"en-marxa-grups-de-suport-per-a-familiars-cuidadors-de-persones-amb-dependencia-a-peralada-i-llanca","status":"publish","type":"post","link":"https:\/\/inclusioaltemporda.cat\/portal\/en-marxa-grups-de-suport-per-a-familiars-cuidadors-de-persones-amb-dependencia-a-peralada-i-llanca\/","title":{"rendered":"En marxa Grups de suport per a familiars cuidadors de persones amb depend\u00e8ncia a Peralada i Llan\u00e7\u00e0"},"content":{"rendered":"<p class=\"western\" lang=\"es-ES\">L&#8217;Equip d&#8217;atenci\u00f3 a la depend\u00e8ncia i suport a les fam\u00edlies de l&#8217;\u00e0rea de Benestar del Consell Comarca de l&#8217;Alt Empord\u00e0 ha posat en funcionament aquest mes d&#8217;abril una nova edici\u00f3 dels Grups de suport per a familiars cuidadors de persones amb depend\u00e8ncia als municipis de Peralada i Llan\u00e7\u00e0.<\/p>\n<p lang=\"es-ES\">Aquesta activitat t\u00e9 la finalitat de millorar la qualitat de vida de les persones afectades i dels seus familiars a trav\u00e9s d&#8217;un espai de suport grupal amb l\u2019objectiu d\u2019alleugerir, oferir suport i ajuda m\u00fatua a aquestes persones cuidadores.<\/p>\n<p lang=\"es-ES\">L&#8217;any 2018 l&#8217;Equip d&#8217;atenci\u00f3 a la depend\u00e8ncia va organitzar 5 Grups de suport a persones cuidadores en els que varen participar 52 persones.<\/p>\n<p class=\"western\" lang=\"es-ES\">La tasca di\u00e0ria de tenir cura d\u2019una persona amb depend\u00e8ncia comporta un cert nivell d\u2019esgotament f\u00edsic i emocional per la persona cuidadora que sovint incideix en la seva salut f\u00edsica i mental, en els seus h\u00e0bits de vida i en la seva xarxa social i relacional. L&#8217;espai grupal ofereix a les fam\u00edlies<span lang=\"ca-ES\"> suport i informaci\u00f3 que els facilitin el conviure amb les dificultats d\u2019atendre una persona amb depend\u00e8ncia i aprendre noves estrat\u00e8gies d\u2019afrontament.<\/span><\/p>\n<p lang=\"es-ES\">\n","protected":false},"excerpt":{"rendered":"<p>Aquesta activitat t\u00e9 la finalitat de millorar la qualitat de vida de les persones afectades i dels seus familiars a trav\u00e9s d&#8217;un espai de suport grupal amb l\u2019objectiu d\u2019alleugerir, oferir suport i ajuda m\u00fatua a aquestes persones cuidadores.<\/p>\n","protected":false},"author":2,"featured_media":3605,"comment_status":"closed","ping_status":"closed","sticky":false,"template":"","format":"standard","meta":{"footnotes":""},"categories":[106,100,101,1,108],"tags":[],"class_list":["post-7180","post","type-post","status-publish","format-standard","has-post-thumbnail","hentry","category-administracions","category-area-benestar","category-ciutadania","category-general","category-mitjans-comunicacio","category-106","category-100","category-101","category-1","category-108","description-off"],"_links":{"self":[{"href":"https:\/\/inclusioaltemporda.cat\/portal\/wp-json\/wp\/v2\/posts\/7180","targetHints":{"allow":["GET"]}}],"collection":[{"href":"https:\/\/inclusioaltemporda.cat\/portal\/wp-json\/wp\/v2\/posts"}],"about":[{"href":"https:\/\/inclusioaltemporda.cat\/portal\/wp-json\/wp\/v2\/types\/post"}],"author":[{"embeddable":true,"href":"https:\/\/inclusioaltemporda.cat\/portal\/wp-json\/wp\/v2\/users\/2"}],"replies":[{"embeddable":true,"href":"https:\/\/inclusioaltemporda.cat\/portal\/wp-json\/wp\/v2\/comments?post=7180"}],"version-history":[{"count":3,"href":"https:\/\/inclusioaltemporda.cat\/portal\/wp-json\/wp\/v2\/posts\/7180\/revisions"}],"predecessor-version":[{"id":7183,"href":"https:\/\/inclusioaltemporda.cat\/portal\/wp-json\/wp\/v2\/posts\/7180\/revisions\/7183"}],"wp:featuredmedia":[{"embeddable":true,"href":"https:\/\/inclusioaltemporda.cat\/portal\/wp-json\/wp\/v2\/media\/3605"}],"wp:attachment":[{"href":"https:\/\/inclusioaltemporda.cat\/portal\/wp-json\/wp\/v2\/media?parent=7180"}],"wp:term":[{"taxonomy":"category","embeddable":true,"href":"https:\/\/inclusioaltemporda.cat\/portal\/wp-json\/wp\/v2\/categories?post=7180"},{"taxonomy":"post_tag","embeddable":true,"href":"https:\/\/inclusioaltemporda.cat\/portal\/wp-json\/wp\/v2\/tags?post=7180"}],"curies":[{"name":"wp","href":"https:\/\/api.w.org\/{rel}","templated":true}]}}