{"id":7190,"date":"2019-05-21T08:11:03","date_gmt":"2019-05-21T07:11:03","guid":{"rendered":"https:\/\/inclusioaltemporda.cat\/portal\/?p=7190"},"modified":"2019-05-21T08:16:14","modified_gmt":"2019-05-21T07:16:14","slug":"oberta-la-convocatoria-dels-premis-inclusio-alt-emporda-2019","status":"publish","type":"post","link":"https:\/\/inclusioaltemporda.cat\/portal\/oberta-la-convocatoria-dels-premis-inclusio-alt-emporda-2019\/","title":{"rendered":"Oberta la convocat\u00f2ria del Premi Inclusi\u00f3 Alt Empord\u00e0 2019"},"content":{"rendered":"<p>El Consell Comarcal de l&#8217;Alt Empord\u00e0 ha obert el termini de presentaci\u00f3 de projectes a la <a href=\"https:\/\/inclusioaltemporda.cat\/portal\/concurs-projectes-inclusio\/\" target=\"_blank\" rel=\"noopener\">convocat\u00f2ria 2019 del Concurs de Projectes d&#8217;Inclusi\u00f3 Social a l&#8217;Alt Empord\u00e0<\/a> amb l&#8217;objectiu de fer emergir iniciatives innovadores en l&#8217;\u00e0mbit de la inclusi\u00f3 i la cohesi\u00f3 social i finan\u00e7ar projectes en el territori. Aquesta iniciativa, que s&#8217;emmarca en el Pla d&#8217;Inclusi\u00f3 i Cohesi\u00f3 Social de l&#8217;Alt Empord\u00e0, t\u00e9 com a finalitat millorar les condicions de vida de la poblaci\u00f3 de la comarca i refor\u00e7ar la cohesi\u00f3 social.<\/p>\n<p>Podran participar en el Concurs persones f\u00edsiques, entitats sense \u00e0nim de lucre, associacions, petites i mitjanes empreses i equips o centres de recerca d&#8217;universitats, que presentin projectes d&#8217;inclusi\u00f3 social a desenvolupar en un o m\u00e9s municipis de la comarca de l&#8217;Alt Empord\u00e0.<\/p>\n<p>L&#8217;objecte del Concurs \u00e9s atorgar ajut financer a projectes d&#8217;inclusi\u00f3 social a desenvolupar en els municipis de la comarca durant el curs 2019-2020. Es valoraran especialment aquells projectes amb perspectiva de g\u00e8nere orientats a promoure la inclusi\u00f3 social d&#8217;infants, adolescents, joves i les seves fam\u00edlies, i gent gran.<\/p>\n<p>Els \u00e0mbits d&#8217;aplicaci\u00f3 preferent en qu\u00e8 es podran definir els projectes d&#8217;inclusi\u00f3 social seran el formatiu i laboral, el residencial-habitatge, el relacional (xarxes de suport i treball amb la comunitat), i el de la ciutadania\/poblaci\u00f3 origen immigrant. El Concurs de Projectes d&#8217;Inclusi\u00f3 Alt Empord\u00e0 ofereix als projectes premiats implementar la proposta de treball entre setembre de 2019 i juny de 2020 en un o m\u00e9s municipis de la comarca.<\/p>\n<p>El termini de presentaci\u00f3 restar\u00e0 obert fins el dia 14 de juny. Les sol\u00b7licituds s&#8217;han de presentar seguint els requisits de la convocat\u00f2ria i els models normalitzats que trobareu en <a title=\"II Concurs de projectes per a la Inclusi\u00f3 Social a l\u2019Alt Empord\u00e0\" href=\"https:\/\/inclusioaltemporda.cat\/portal\/concurs-projectes-inclusio\/\" target=\"_blank\" rel=\"noopener\">aquesta p\u00e0gina<\/a>.<\/p>\n<p>Aquesta \u00e9s la setena edici\u00f3 d&#8217;aquesta convocat\u00f2ria que en les edicions anteriors ha premiat les seg\u00fcents iniciatives:<\/p>\n<p><a href=\"https:\/\/inclusioaltemporda.cat\/portal\/estrena-de-lespectacle-teatral-en-perspectiva-un-altre-punt-de-vista-premi-inclusio-2017-del-consell-comarcal\/\">Premi 2017: Projecte &#8220;Teatre a l&#8217;abast&#8221; del Grup Centre de lleure El Dof\u00ed i l\u2019associaci\u00f3 de teatre juvenil a Mossegades<\/a><\/p>\n<p><a href=\"https:\/\/youtu.be\/BETakfTbQpA\" target=\"_blank\" rel=\"noopener\">Premi 2016. Projecte \u201cGrans Experts\u201d de C\u00e0ritas Diocesana de Girona<\/a><\/p>\n<p><a href=\"https:\/\/www.youtube.com\/watch?v=4xCUV0MTCPo\" target=\"_blank\" rel=\"noopener\">Premi 2015. Projecte \u201cTothom pot navegar\u201d del GEN Roses<\/a><\/p>\n<p><a href=\"https:\/\/youtu.be\/qNldFujkJvo\" target=\"_blank\" rel=\"noopener\">Premi 2013. Projecte \u201cLa cuina, cooperativisme a foc lent\u201d de la Cooperativa Eines<\/a><\/p>\n<p><a href=\"https:\/\/youtu.be\/nwMomGkJQWU\" target=\"_blank\" rel=\"noopener\">Premi 2013 (acc\u00e8ssit). Projecte laboral \u201cReciclatge de paper\u201d de l\u2019Associaci\u00f3 El Tamariu<\/a><\/p>\n","protected":false},"excerpt":{"rendered":"<p>El Consell Comarcal de l&#8217;Alt Empord\u00e0 ha obert el termini de presentaci\u00f3 de projectes a la convocat\u00f2ria 2019 del Concurs de Projectes d&#8217;Inclusi\u00f3 Social a l&#8217;Alt Empord\u00e0 amb l&#8217;objectiu de fer emergir iniciatives innovadores en l&#8217;\u00e0mbit de la inclusi\u00f3 i la cohesi\u00f3 social i finan\u00e7ar projectes en el territori.<\/p>\n","protected":false},"author":2,"featured_media":7197,"comment_status":"closed","ping_status":"closed","sticky":false,"template":"","format":"standard","meta":{"footnotes":""},"categories":[106,33,100,107,101,105,104,103,1,108,12,11],"tags":[],"class_list":["post-7190","post","type-post","status-publish","format-standard","has-post-thumbnail","hentry","category-administracions","category-agenda","category-area-benestar","category-centres-recerca-universitats","category-ciutadania","category-empreses","category-entitats-socials","category-estudiants-escoles-instituts","category-general","category-mitjans-comunicacio","category-pla-dinclusio-2","category-taula-inclusio","category-106","category-33","category-100","category-107","category-101","category-105","category-104","category-103","category-1","category-108","category-12","category-11","description-off"],"_links":{"self":[{"href":"https:\/\/inclusioaltemporda.cat\/portal\/wp-json\/wp\/v2\/posts\/7190","targetHints":{"allow":["GET"]}}],"collection":[{"href":"https:\/\/inclusioaltemporda.cat\/portal\/wp-json\/wp\/v2\/posts"}],"about":[{"href":"https:\/\/inclusioaltemporda.cat\/portal\/wp-json\/wp\/v2\/types\/post"}],"author":[{"embeddable":true,"href":"https:\/\/inclusioaltemporda.cat\/portal\/wp-json\/wp\/v2\/users\/2"}],"replies":[{"embeddable":true,"href":"https:\/\/inclusioaltemporda.cat\/portal\/wp-json\/wp\/v2\/comments?post=7190"}],"version-history":[{"count":7,"href":"https:\/\/inclusioaltemporda.cat\/portal\/wp-json\/wp\/v2\/posts\/7190\/revisions"}],"predecessor-version":[{"id":7203,"href":"https:\/\/inclusioaltemporda.cat\/portal\/wp-json\/wp\/v2\/posts\/7190\/revisions\/7203"}],"wp:featuredmedia":[{"embeddable":true,"href":"https:\/\/inclusioaltemporda.cat\/portal\/wp-json\/wp\/v2\/media\/7197"}],"wp:attachment":[{"href":"https:\/\/inclusioaltemporda.cat\/portal\/wp-json\/wp\/v2\/media?parent=7190"}],"wp:term":[{"taxonomy":"category","embeddable":true,"href":"https:\/\/inclusioaltemporda.cat\/portal\/wp-json\/wp\/v2\/categories?post=7190"},{"taxonomy":"post_tag","embeddable":true,"href":"https:\/\/inclusioaltemporda.cat\/portal\/wp-json\/wp\/v2\/tags?post=7190"}],"curies":[{"name":"wp","href":"https:\/\/api.w.org\/{rel}","templated":true}]}}