{"id":7205,"date":"2019-05-29T13:09:21","date_gmt":"2019-05-29T12:09:21","guid":{"rendered":"https:\/\/inclusioaltemporda.cat\/portal\/?p=7205"},"modified":"2019-05-29T13:09:53","modified_gmt":"2019-05-29T12:09:53","slug":"finalitza-amb-exit-la-primera-fase-de-formacio-intensa-del-programa-de-dones-referents-comunitaries-de-lalt-emporda","status":"publish","type":"post","link":"https:\/\/inclusioaltemporda.cat\/portal\/finalitza-amb-exit-la-primera-fase-de-formacio-intensa-del-programa-de-dones-referents-comunitaries-de-lalt-emporda\/","title":{"rendered":"Finalitza amb \u00e8xit la primera fase de formaci\u00f3 intensa del programa de Dones Referents Comunit\u00e0ries de l&#8217;Alt Empord\u00e0"},"content":{"rendered":"<p>Aquesta setmana ha finalitzat la primera fase de formaci\u00f3 del Programa de Dones Referents Comunit\u00e0ries de l&#8217;Alt Empord\u00e0. 38 professionals de diferents serveis p\u00fablics i entitats de Catalunya han impartit sessions de formaci\u00f3 amb aquest grup de dones. El proper mes de juny la formaci\u00f3 es centrar\u00e0 exclusivament en continguts, eines i estrat\u00e8gies per a la dinamitzaci\u00f3 i l&#8217;acci\u00f3 comunit\u00e0ria.<\/p>\n<p><a href=\"https:\/\/inclusioaltemporda.cat\/portal\/mes-de-12-professionals-ja-han-participat-al-programa-de-dones-referents-comunitaries-de-lalt-emporda\/\">Aquesta informaci\u00f3 intensa de 200 hores s&#8217;ha centrat en diversos \u00e0mbits tem\u00e0tics<\/a>. Des del mes de mar\u00e7\u00a0la formaci\u00f3 s&#8217;ha orientat al coneixement de nous serveis, recursos i programes, aquesta vegada centrats en\u00a0salut p\u00fablica i\u00a0salut comunit\u00e0ria,\u00a0salut sexual i reproductiva,\u00a0perspectiva de g\u00e8nere i\u00a0pol\u00edtiques d&#8217;igualtat, atenci\u00f3 a p\u00fablics LGTBI,\u00a0viol\u00e8ncia masclista i\u00a0prostituci\u00f3,\u00a0participaci\u00f3,\u00a0drets i\u00a0ciutadania,\u00a0interculturalitat i\u00a0sistema educatiu,\u00a0diversitat interreligiosa,\u00a0Programa Catal\u00e0 de Refugi, acompanyament a la inf\u00e0ncia i l&#8217;adolesc\u00e8ncia i\u00a0Programa &#8220;Sigues Tu&#8221; de Dipsalut, i ocupaci\u00f3 i\u00a0 treball.<\/p>\n<p>Els professionals que han acompanyat les dones referents comunit\u00e0ries\u00a0en el per\u00edode dels mesos de mar\u00e7 a maig\u00a0han estat els seg\u00fcents: Montse Reixach i Maria Morales, de la Unitat Transversal de la Regi\u00f3 Sanit\u00e0ria de Girona; Maria Mart\u00ednez, coordinadora d&#8217;Atenci\u00f3 de la Salut Sexual i Reproductiva de l&#8217;Hospital de Figueres; Berta Masramon, polit\u00f2loga i experta en estudis de g\u00e8nere de l&#8217;entitat QSL; \u00c0lez Araujo, psic\u00f2leg del Servei d&#8217;Atenci\u00f3 LGTBI del Consell Comarcal de l&#8217;Alt Empord\u00e0; Fina Surina, Coordinadora de la representaci\u00f3 territorial de l&#8217;Institut Catal\u00e0 de les Dones a Girona; Hajar Hniti, professora d&#8217;\u00e0rab; M\u00f2nica Caldas, responsable del programa suport jur\u00eddic de C\u00e0ritas Diocesana de Girona; Elisabet Esteva i J\u00falia Mateo, t\u00e8cniques del programa &#8220;Sigues Tu&#8221; de Dipsalut; Joan G\u00f3mez, t\u00e8cnic de la Direcci\u00f3 General d&#8217;Afers Religiosos de la Generalitat; S\u00edlvia Ballesteros, advocada de la Fundaci\u00f3 Surt i del\u00a0Servei Atenci\u00f3 a les Dones de l&#8217;Alt Empord\u00e0; Laura Labiano, coordinadora de l&#8217;entitat Genera; Nat\u00e0lia Miss\u00e9, coordinadora de la Fundaci\u00f3 Apip-Acam; Meritxell Pom\u00e9s, coordinadora Programes Atenci\u00f3 Inf\u00e0ncia\u00a0del Consell Comarcal de l&#8217;Alt Empord\u00e0; Sela Garc\u00eda, t\u00e8cnica del Servei d&#8217;Ocupaci\u00f3 de Catalunya; Laia Ros\u00e9s, t\u00e8cnica del programa Formaci\u00f3 i Ocupaci\u00f3 de la Creu Roja de Roses; Llu\u00eds Zamorano, t\u00e8cnic del Centre Empr\u00e9n\u00a0de l&#8217;Ajuntament de Figueres; Carla G\u00fcell, Erika Z\u00e1rate, Mhamed Abdeouahed Allaoui\u00a0i S\u00edlvia Caselles, del Programa Catal\u00e0 de\u00a0Refugi; Henri Santiago, Centre de Formaci\u00f3 Erasme de Toulouse, Favian Maguin, coordinador de la Casa Sant\u00e9 de Toulouse, Diariatou Diallo i\u00a0mediadora de salut de l&#8217;IAS Girona.<\/p>\n<p>El<a href=\"https:\/\/inclusioaltemporda.cat\/portal\/lequip-dinclusio-posa-en-marxa-el-programa-de-dones-referents-comunitaries-de-lalt-emporda\/\"> programa de Dones Referents Comunit\u00e0ries de l\u2019Alt Empord\u00e0 ha estat posat en marxa per l\u2019equip d\u2019Inclusi\u00f3 i Atenci\u00f3 a la Comunitat del Consell Comarcal<\/a>. Respon a la necessitat de posar en marxa una l\u00ednia d\u2019intervenci\u00f3\u00a0innovadora, flexible i propera orientada a refor\u00e7ar l\u2019empoderament d\u2019un grup de dones de la comarca d\u2019origen migrant, amb l\u2019objectiu de facilitar processos d\u2019intervenci\u00f3 comunit\u00e0ria amb diversos agents de la comarca per refor\u00e7ar la inclusi\u00f3 i cohesi\u00f3 social.<\/p>\n<p>Aquest programa compta amb la col\u00b7laboraci\u00f3 de la\u00a0 <a href=\"https:\/\/obrasociallacaixa.org\/ca\/pobreza-accion-social\/interculturalidad-y-cohesion-social\/interculturalidad-y-accion-social\">Convocat\u00f2ria Interculturalitat i Acci\u00f3 Social 2018 de la Fundaci\u00f3 Banc\u00e0ria La Caixa<\/a> i t\u00e9 una durada d\u2019un any. Est\u00e0 dissenyat des d\u2019una perspectiva de g\u00e8nere per empoderar dones d\u2019origen migrant de diferents creences, \u00e8tnies i or\u00edgens, s\u2019orienta a atendre adequadament les seves necessitats, refor\u00e7ar el treball entre grups d\u2019iguals i la intervenci\u00f3 comunit\u00e0ria a la comarca.<\/p>\n<p>&nbsp;<\/p>\n","protected":false},"excerpt":{"rendered":"<p>38 professionals de diferents serveis p\u00fablics i entitats de Catalunya han impartit sessions de formaci\u00f3 amb aquest grup de dones. El proper mes de juny la formaci\u00f3 es centrar\u00e0 exclusivament en continguts, eines i estrat\u00e8gies per a la dinamitzaci\u00f3 i l&#8217;acci\u00f3 comunit\u00e0ria.<\/p>\n","protected":false},"author":2,"featured_media":7207,"comment_status":"closed","ping_status":"closed","sticky":false,"template":"","format":"standard","meta":{"footnotes":""},"categories":[106,100,107,101,105,104,103,1,108,12,102,115,11],"tags":[],"class_list":["post-7205","post","type-post","status-publish","format-standard","has-post-thumbnail","hentry","category-administracions","category-area-benestar","category-centres-recerca-universitats","category-ciutadania","category-empreses","category-entitats-socials","category-estudiants-escoles-instituts","category-general","category-mitjans-comunicacio","category-pla-dinclusio-2","category-professionals-ambit-social","category-projectes-transfronterers","category-taula-inclusio","category-106","category-100","category-107","category-101","category-105","category-104","category-103","category-1","category-108","category-12","category-102","category-115","category-11","description-off"],"_links":{"self":[{"href":"https:\/\/inclusioaltemporda.cat\/portal\/wp-json\/wp\/v2\/posts\/7205","targetHints":{"allow":["GET"]}}],"collection":[{"href":"https:\/\/inclusioaltemporda.cat\/portal\/wp-json\/wp\/v2\/posts"}],"about":[{"href":"https:\/\/inclusioaltemporda.cat\/portal\/wp-json\/wp\/v2\/types\/post"}],"author":[{"embeddable":true,"href":"https:\/\/inclusioaltemporda.cat\/portal\/wp-json\/wp\/v2\/users\/2"}],"replies":[{"embeddable":true,"href":"https:\/\/inclusioaltemporda.cat\/portal\/wp-json\/wp\/v2\/comments?post=7205"}],"version-history":[{"count":3,"href":"https:\/\/inclusioaltemporda.cat\/portal\/wp-json\/wp\/v2\/posts\/7205\/revisions"}],"predecessor-version":[{"id":7209,"href":"https:\/\/inclusioaltemporda.cat\/portal\/wp-json\/wp\/v2\/posts\/7205\/revisions\/7209"}],"wp:featuredmedia":[{"embeddable":true,"href":"https:\/\/inclusioaltemporda.cat\/portal\/wp-json\/wp\/v2\/media\/7207"}],"wp:attachment":[{"href":"https:\/\/inclusioaltemporda.cat\/portal\/wp-json\/wp\/v2\/media?parent=7205"}],"wp:term":[{"taxonomy":"category","embeddable":true,"href":"https:\/\/inclusioaltemporda.cat\/portal\/wp-json\/wp\/v2\/categories?post=7205"},{"taxonomy":"post_tag","embeddable":true,"href":"https:\/\/inclusioaltemporda.cat\/portal\/wp-json\/wp\/v2\/tags?post=7205"}],"curies":[{"name":"wp","href":"https:\/\/api.w.org\/{rel}","templated":true}]}}