{"id":7213,"date":"2019-06-07T07:06:46","date_gmt":"2019-06-07T06:06:46","guid":{"rendered":"https:\/\/inclusioaltemporda.cat\/portal\/?p=7213"},"modified":"2019-06-10T09:42:19","modified_gmt":"2019-06-10T08:42:19","slug":"jornades-de-formacio-activa-la-participacio-eines-per-a-dinamitzar-el-teu-municipi","status":"publish","type":"post","link":"https:\/\/inclusioaltemporda.cat\/portal\/jornades-de-formacio-activa-la-participacio-eines-per-a-dinamitzar-el-teu-municipi\/","title":{"rendered":"Jornades de formaci\u00f3 &#8220;Activa la participaci\u00f3! Eines per a dinamitzar el teu municipi"},"content":{"rendered":"<p>Els dies 25 i 26 de juny tindran lloc a Figueres les jornades de formaci\u00f3 transfrontera \u201cActiva la participaci\u00f3! Eines per a la dinamitzar el teu municipi\u201d en el marc del microprojecte transfronterer <span lang=\"ca-ES\">XARXA TRANSFRONTERERA DE GOVERNS LOCALS PER LA DEMOCR\u00c0CIA INCLUSIVA que est\u00e0 portant a terme l\u2019\u00e0rea de Benestar del Consell Comarcal de l\u2019Alt Empord\u00e0.<\/span><\/p>\n<p>El contingut de la formaci\u00f3 s\u2019ha elaborat a partir de les propostes i necessitats identificades pels diferents agents de la xarxa de treball del projecte. Les jornades de formaci\u00f3, que es duran a terme els dies 25 i 26 de juny de 9 a 14h al Centre de Formaci\u00f3 Integrat Ferran Sunyer de Figueres (Ronda sud, 3) comptar\u00e0 amb formadors experts en processos de participaci\u00f3 ciutadana en l\u2019\u00e0mbit local i en gesti\u00f3 i comunicaci\u00f3 en escenaris de participaci\u00f3 ciutadana. Podeu consultar el programa en <a href=\"https:\/\/inclusioaltemporda.cat\/portal\/wp-content\/uploads\/Programa-formaci\u00f3-juny-19.pdf\" target=\"_blank\" rel=\"noopener\">aquest enlla\u00e7<\/a>.<\/p>\n<p>Per inscriure&#8217;s a les jornades cal fer-ho a trav\u00e9s d&#8217;<a href=\"https:\/\/docs.google.com\/forms\/d\/e\/1FAIpQLSc_p-9M0_a3LlcWBiDaYU5dqlRArMFc5c0zkjN8X4mp4JrFwg\/viewform?usp=sf_link\" target=\"_blank\" rel=\"noopener\">aquest formulari web<\/a>.<\/p>\n<p>Aquest projecte transfronterer, que ha comptat amb una subvenci\u00f3 del programa de subvencions pluriennals Eurodistricte atorgat per la la Casa de la Generalitat a Perpiny\u00e0 (Departament de Presid\u00e8ncia), t\u00e9 com a finalitat generar una xarxa estable de cooperaci\u00f3 transfronterera orientada a promoure i refor\u00e7ar les estrat\u00e8gies d\u2019empoderament de la ciutadania a escala local a trav\u00e9s de l\u2019intercanvi de coneixement i formaci\u00f3 en metodologies de participaci\u00f3 ciutadana a agents locals, orientada a construir un territori transfronterer m\u00e9s intel\u00b7ligent. En el marc del projecte tamb\u00e9 s&#8217;est\u00e0 desenvolupant un Banc de recursos i experi\u00e8ncies de participaci\u00f3 ciutadana de l&#8217;Espai Catal\u00e0 Transfronterer. Aquest projecte t\u00e9 l\u2019origen en un primer microprojecte dut a terme l\u2019any passat que tenia com a objectiu generar <a href=\"https:\/\/inclusioaltemporda.cat\/portal\/wp-content\/uploads\/LA-PARTICIPACI%C3%93-CIUTADANA-A-LESPAI-CATAL%C3%80-TRANSFRONTERER.pdf\">coneixement aplicat sobre un \u00e0mbit d&#8217;intervenci\u00f3 de les pol\u00edtiques de participaci\u00f3 ciutadana promogudes per l\u2019administraci\u00f3 local<\/a>.<\/p>\n","protected":false},"excerpt":{"rendered":"<p>Els dies 25 i 26 de juny tindran lloc a Figueres les jornades de foramci\u00f3 en el marc del microprojecte transfronterer Xarxa transfronterera de governs locals per la democr\u00e0cia inclusiva X que est\u00e0 portant a terme l\u2019\u00e0rea de Benestar del Consell Comarcal de l\u2019Alt Empord\u00e0<\/p>\n","protected":false},"author":2,"featured_media":6665,"comment_status":"closed","ping_status":"closed","sticky":false,"template":"","format":"standard","meta":{"footnotes":""},"categories":[106,100,101,104,103,1,108,102,115,11],"tags":[],"class_list":["post-7213","post","type-post","status-publish","format-standard","has-post-thumbnail","hentry","category-administracions","category-area-benestar","category-ciutadania","category-entitats-socials","category-estudiants-escoles-instituts","category-general","category-mitjans-comunicacio","category-professionals-ambit-social","category-projectes-transfronterers","category-taula-inclusio","category-106","category-100","category-101","category-104","category-103","category-1","category-108","category-102","category-115","category-11","description-off"],"_links":{"self":[{"href":"https:\/\/inclusioaltemporda.cat\/portal\/wp-json\/wp\/v2\/posts\/7213","targetHints":{"allow":["GET"]}}],"collection":[{"href":"https:\/\/inclusioaltemporda.cat\/portal\/wp-json\/wp\/v2\/posts"}],"about":[{"href":"https:\/\/inclusioaltemporda.cat\/portal\/wp-json\/wp\/v2\/types\/post"}],"author":[{"embeddable":true,"href":"https:\/\/inclusioaltemporda.cat\/portal\/wp-json\/wp\/v2\/users\/2"}],"replies":[{"embeddable":true,"href":"https:\/\/inclusioaltemporda.cat\/portal\/wp-json\/wp\/v2\/comments?post=7213"}],"version-history":[{"count":6,"href":"https:\/\/inclusioaltemporda.cat\/portal\/wp-json\/wp\/v2\/posts\/7213\/revisions"}],"predecessor-version":[{"id":7223,"href":"https:\/\/inclusioaltemporda.cat\/portal\/wp-json\/wp\/v2\/posts\/7213\/revisions\/7223"}],"wp:featuredmedia":[{"embeddable":true,"href":"https:\/\/inclusioaltemporda.cat\/portal\/wp-json\/wp\/v2\/media\/6665"}],"wp:attachment":[{"href":"https:\/\/inclusioaltemporda.cat\/portal\/wp-json\/wp\/v2\/media?parent=7213"}],"wp:term":[{"taxonomy":"category","embeddable":true,"href":"https:\/\/inclusioaltemporda.cat\/portal\/wp-json\/wp\/v2\/categories?post=7213"},{"taxonomy":"post_tag","embeddable":true,"href":"https:\/\/inclusioaltemporda.cat\/portal\/wp-json\/wp\/v2\/tags?post=7213"}],"curies":[{"name":"wp","href":"https:\/\/api.w.org\/{rel}","templated":true}]}}