{"id":7215,"date":"2019-06-05T13:31:40","date_gmt":"2019-06-05T12:31:40","guid":{"rendered":"https:\/\/inclusioaltemporda.cat\/portal\/?p=7215"},"modified":"2019-06-05T13:39:33","modified_gmt":"2019-06-05T12:39:33","slug":"seminari-transfronterer-a-ribesaltes-sobre-el-creuament-de-sabers-i-coneixements-en-lacollida-i-acompanyament-de-persones-estrangeres","status":"publish","type":"post","link":"https:\/\/inclusioaltemporda.cat\/portal\/seminari-transfronterer-a-ribesaltes-sobre-el-creuament-de-sabers-i-coneixements-en-lacollida-i-acompanyament-de-persones-estrangeres\/","title":{"rendered":"Seminari transfronterer a Ribesaltes sobre el creuament de sabers i coneixements en l&#8217;acollida i acompanyament de persones estrangeres"},"content":{"rendered":"<div class=\"entry-content\">\n<p align=\"justify\">L\u2019\u00e0rea de Benestar del Consell Comarcal de l\u2019Alt Empord\u00e0 i l\u2019IRTS-Perpiny\u00e0, en tant que socis del <a href=\"https:\/\/www.prospectsaso.com\/\">projecte transfronterer PROSPECTSASO<\/a>, organitzen el seminari final de l&#8217;activitat 4.3 del projecte PROSPECTSASO que s&#8217;ha desenvolupat durant els darrers 3 anys entorn la tem\u00e0tica de l&#8217;acollida de persones nouvingudes a l&#8217;Espai Catal\u00e0 Transfronterer.<\/p>\n<p align=\"justify\">Aquest \u00a0seminari\u00a0tindr\u00e0 lloc\u00a0el proper 14 de juny al <a href=\"http:\/\/www.memorialcamprivesaltes.eu\/\" target=\"_blank\" rel=\"noopener\">Memorial del Camp de Ribesaltes<\/a> de 10 a 17h i comptar\u00e0 amb diversos ponents de les dues vessants de la frontera que exposaran i compartiran\u00a0les seves experi\u00e8ncies de treball.<\/p>\n<\/div>\n<p lang=\"fr-FR\" align=\"justify\">El seminari permetr\u00e0 a les persones inscrites con\u00e8ixer, participar activament i experimentar l&#8217;estrat\u00e8gia del creuament de sabers i coneixements. Aquesta mirada de la intervenci\u00f3 social, que est\u00e0 essent promoguda per l&#8217;associaci\u00f3 ATD Quart-Monde i l&#8217;IRTS de Perpiny\u00e0 l&#8217;implementa en diverses \u00e0rees de formaci\u00f3, ser\u00e0 el fil conductor perqu\u00e8 professionals, voluntaris i grups de persones d&#8217;origen migrant es pugui trobar i generar l\u00ednies de reflexi\u00f3 conjuntes per millorar la seva acollida i acompanyament.<\/p>\n<div class=\"entry-content\">\n<p align=\"justify\">En <a href=\"https:\/\/inclusioaltemporda.cat\/portal\/wp-content\/uploads\/PROGRAMADEFINITIUSEMINARI14JUNY19.pdf\" target=\"_blank\" rel=\"noopener\">aquest enlla\u00e7<\/a> trobareu el programa del seminari i l\u2019acc\u00e9s al <a href=\"https:\/\/docs.google.com\/forms\/d\/1TSKtxvcDChPXXXJZQ2wncycAWgK_LbbMmmIwFIUWnP8\/edit\" target=\"_blank\" rel=\"noopener\">formulari d&#8217;inscripci\u00f3 online<\/a>.\u00a0 Les places s\u00f3n limitades i hi haur\u00e0 traducci\u00f3 simult\u00e0nia.<\/p>\n<p align=\"justify\">Aquest seminari s&#8217;inscriu en l&#8217;activitat 4.3 del projecte transfronterer PROSPECTSASO. En el marc d&#8217;aquesta activtat, l<span lang=\"fr-FR\">\u2019any 2017 es va portar a terme l\u2019estudi <\/span><a href=\"https:\/\/inclusioaltemporda.cat\/portal\/wp-content\/uploads\/Prospectsaso_CAT_v2.pdf\" target=\"_blank\" rel=\"noopener\"><span lang=\"fr-FR\">Mirades sobre l\u2019acollida de persones migrants: models i experi\u00e8ncies de treball a l\u2019Alt Empord\u00e0 i els Pirineus Orientals<\/span><\/a><span lang=\"fr-FR\">, amb l&#8217;objectiu de con\u00e8ixer millor els serveis i les organitzacions que treballen en l&#8217;\u00e0mbit de l\u2019acollida de migrants i sol\u00b7licitants d&#8217;asil. <\/span>L\u2019any 2018 es van organitzar dos seminaris a Figueres amb professionals d\u2019aquest \u00e0mbit de la intervenci\u00f3 social per con\u00e8ixer i debatre a l\u2019entorn de les pr\u00e0ctiques professionals i con\u00e8ixer estrat\u00e8gies i eines per millorar l\u2019acollida de persones d\u2019origen estranger.<\/p>\n<p align=\"justify\">el mes de desembre passat i dinamitzar la xarxa de professionals d\u2019acollida i acompanyament de les persones estrangeres amb la qual compten\u00a0les administracions p\u00fabliques i les entitats socials de l\u2019espai catal\u00e0 transfronterer. Si voleu, podeu consultar en aquest enlla\u00e7\u00a0la publicaci\u00f3<em><a href=\"https:\/\/inclusioaltemporda.cat\/portal\/wp-content\/uploads\/Prospectsaso_CAT_v2.pdf\"> Mirades sobre l\u2019acollida de persones migrants: models i experi\u00e8ncies de treball a l\u2019Alt Empord\u00e0 i els Pirineus Orientals<\/a><\/em><a href=\"https:\/\/inclusioaltemporda.cat\/portal\/wp-content\/uploads\/Prospectsaso_CAT_v2.pdf\"> portada a terme en el marc d\u2019aquest projecte<\/a>.<\/p>\n<\/div>\n","protected":false},"excerpt":{"rendered":"<p>L\u2019\u00e0rea de Benestar del Consell Comarcal de l\u2019Alt Empord\u00e0 i l\u2019IRTS-Perpiny\u00e0 organitzen el seminari final de l&#8217;activitat 4.3 del projecte PROSPECTSASO que s&#8217;ha desenvolupat durant els darrers 3 anys entorn la tem\u00e0tica de l&#8217;acollida de persones nouvingudes a l&#8217;Espai Catal\u00e0 Transfronterer<\/p>\n","protected":false},"author":2,"featured_media":6311,"comment_status":"closed","ping_status":"closed","sticky":false,"template":"","format":"standard","meta":{"footnotes":""},"categories":[106,100,107,101,104,103,1,108,102,115],"tags":[],"class_list":["post-7215","post","type-post","status-publish","format-standard","has-post-thumbnail","hentry","category-administracions","category-area-benestar","category-centres-recerca-universitats","category-ciutadania","category-entitats-socials","category-estudiants-escoles-instituts","category-general","category-mitjans-comunicacio","category-professionals-ambit-social","category-projectes-transfronterers","category-106","category-100","category-107","category-101","category-104","category-103","category-1","category-108","category-102","category-115","description-off"],"_links":{"self":[{"href":"https:\/\/inclusioaltemporda.cat\/portal\/wp-json\/wp\/v2\/posts\/7215","targetHints":{"allow":["GET"]}}],"collection":[{"href":"https:\/\/inclusioaltemporda.cat\/portal\/wp-json\/wp\/v2\/posts"}],"about":[{"href":"https:\/\/inclusioaltemporda.cat\/portal\/wp-json\/wp\/v2\/types\/post"}],"author":[{"embeddable":true,"href":"https:\/\/inclusioaltemporda.cat\/portal\/wp-json\/wp\/v2\/users\/2"}],"replies":[{"embeddable":true,"href":"https:\/\/inclusioaltemporda.cat\/portal\/wp-json\/wp\/v2\/comments?post=7215"}],"version-history":[{"count":1,"href":"https:\/\/inclusioaltemporda.cat\/portal\/wp-json\/wp\/v2\/posts\/7215\/revisions"}],"predecessor-version":[{"id":7217,"href":"https:\/\/inclusioaltemporda.cat\/portal\/wp-json\/wp\/v2\/posts\/7215\/revisions\/7217"}],"wp:featuredmedia":[{"embeddable":true,"href":"https:\/\/inclusioaltemporda.cat\/portal\/wp-json\/wp\/v2\/media\/6311"}],"wp:attachment":[{"href":"https:\/\/inclusioaltemporda.cat\/portal\/wp-json\/wp\/v2\/media?parent=7215"}],"wp:term":[{"taxonomy":"category","embeddable":true,"href":"https:\/\/inclusioaltemporda.cat\/portal\/wp-json\/wp\/v2\/categories?post=7215"},{"taxonomy":"post_tag","embeddable":true,"href":"https:\/\/inclusioaltemporda.cat\/portal\/wp-json\/wp\/v2\/tags?post=7215"}],"curies":[{"name":"wp","href":"https:\/\/api.w.org\/{rel}","templated":true}]}}