{"id":7275,"date":"2019-07-01T12:27:04","date_gmt":"2019-07-01T11:27:04","guid":{"rendered":"https:\/\/inclusioaltemporda.cat\/portal\/?p=7275"},"modified":"2019-07-01T12:35:59","modified_gmt":"2019-07-01T11:35:59","slug":"es-presenta-la-guia-bon-tracte-a-les-persones-grans-de-prevencio-de-maltractaments","status":"publish","type":"post","link":"https:\/\/inclusioaltemporda.cat\/portal\/es-presenta-la-guia-bon-tracte-a-les-persones-grans-de-prevencio-de-maltractaments\/","title":{"rendered":"Es presenta la Guia &#8220;Bon tracte a les persones grans&#8221; de prevenci\u00f3 de maltractaments"},"content":{"rendered":"<p>L\u2019\u00e0rea de Benestar Social del Consell Comarcal de l\u2019Alt Empord\u00e0 ha elaborat una guia amb el t\u00edtol \u00abBon tracte a les persones grans\u00bb. Aquest document \u00e9s fruit del treball que l\u2019ens ha realitzat en el marc del projecte transfronterer PROSPECTSASO, amb l\u2019objectiu de sensibilitzar i informar a les persones grans, fam\u00edlies, persones cuidadores i ciutadania en general vers la realitat dels maltractaments a les persones grans, un fet que sovint \u00e9s poc visible.<\/p>\n<p>Rosa Guix\u00e9, directora t\u00e8cnica de l\u2019\u00e0rea de Benestar del Consell Comarcal de l\u2019Alt Empord\u00e0, explica que els \u00abpreocupa molt\u00edssim\u00bb aquest fenomen, motiu pel que s\u2019han decidit editar aquesta guia per trobar la complicitat de la ciutadania: \u00abEls professionals de l\u2019\u00e0mbit social, sanitari o policial a vegades tenim problemes per detectar aquestes problem\u00e0tiques\u00bb. Guix\u00e9 diu que cal \u00absensibilitzar\u00bb tota la gent, per\u00f2 sobretot \u00abempoderar les persones grans\u00bb.<\/p>\n<p>La guia t\u00e9 16 p\u00e0gines i ha estat coordinada \u00edntegrament per l\u2019Equip de Depend\u00e8ncia i Suport a les Fam\u00edlies del Consell Comarcal de l\u2019Alt Empord\u00e0 amb la col\u00b7laboraci\u00f3 dels socis del projecte PROSPECTSASO. La gent gran tamb\u00e9 s\u2019expressa en aquesta, doncs van participar en dos grups de treball que es van fer a Figueres i Sant Climent Sescebes per a elaborar-ne el contingut.<\/p>\n<p>De moment han editat 3.000 exemplars en <a href=\"https:\/\/inclusioaltemporda.cat\/portal\/wp-content\/uploads\/guia-prevenci\u00f3-gent-gran-CATAL\u00c0-imprenta.pdf\" target=\"_blank\" rel=\"noopener\">catal\u00e0<\/a> i <a href=\"https:\/\/inclusioaltemporda.cat\/portal\/wp-content\/uploads\/guia-prevenci\u00f3-gent-gran-CASTELL\u00c0-imprenta.pdf\" target=\"_blank\" rel=\"noopener\">castell\u00e0<\/a> i n\u2019aniran imprimint m\u00e9s segons la demanda. Tamb\u00e9 es pot consultar en l\u00edna la versi\u00f3 en <a href=\"https:\/\/inclusioaltemporda.cat\/portal\/wp-content\/uploads\/GUIA-GENT-GRAN-FRANC\u00c8S-IMPREMTA.pdf\" target=\"_blank\" rel=\"noopener\">franc\u00e8s <\/a>del la guia.<\/p>\n<p><strong>Una problem\u00e0tica dif\u00edcil de detectar<\/strong><\/p>\n<p>L\u2019informe del 2017 del Grup de Treball del Protocol de Maltractaments a les persones grans de les Comarques Gironines\u00a0 conclou que la majoria dels casos de maltractament es donen per neglig\u00e8ncies, abandonament, explotaci\u00f3 financera o ab\u00fas psicol\u00f2gic. En el 60% dels casos la persona maltractada conviu amb el maltractador i un 70% es dona a l\u2019entorn familiar. Les dones son el col\u00b7lectiu m\u00e9s vulnerable, doncs tres de cada quatre casos detectats la persona gran maltractada \u00e9s una dona.<\/p>\n<p>La directora t\u00e8cnica de l\u2019\u00e0rea de Benestar evidencia que els maltractaments van molt m\u00e9s enll\u00e0 dels f\u00edsics i que a vegades es poden produir, fins i tot, sense intencionalitat. En aquest sentit, la guia perfila situacions de risc tant de la persona gran com de la persona cuidadora.<\/p>\n<p>La depend\u00e8ncia f\u00edsica o econ\u00f2mica de la persona gran, la soledat i l\u2019a\u00efllament social, la baixa autoestima o el deteriorament cognitiu i els trastorns de conducta s\u00f3n algunes de les senyals que poden servir per detectar persones en situaci\u00f3 de vulnerabilitat. Pel que fa a la persona cuidadora la sobrec\u00e0rrega i l\u2019estr\u00e8s, la manca d\u2019habilitats i formaci\u00f3, la depend\u00e8ncia econ\u00f2mica vers la persona gran, una relaci\u00f3 conflictiva o les addiccions s\u00f3n alguns dels factors de risc.<\/p>\n<p>La guia vol empoderar a les persones grans, en la pressa de decisions dels seus drets i en la pressa de decisions sobre el seu futur. Apunta a dos documents com s\u00f3n el testament i el document de voluntats anticipades que poden servir en bona mesura\u00a0 a evitar situacions de vulnerabilitat.<\/p>\n<p><strong>Les activitats complement\u00e0ries<\/strong><\/p>\n<p>Per tal de fer-ne difusi\u00f3, l\u2019equip que treballa en aquest projecte PROSPECTSASO facilita als ajuntaments de tota la comarca la possibilitat de programar una xerrada informativa. Amb aquests petits esdeveniments el Consell Comarcal s\u2019acosta a un col\u00b7lectiu \u2011el de la gent gran\u2011 que a vegades se sent excl\u00f2s. Durant aquest mes de juny s\u2019han programat xerrades a Sant Miquel de Fluvi\u00e0, Espolla, Torroella de Fluvi\u00e0, Selva de Mar, Sant Climent Sescebes, Vilamalla, i B\u00e0scara.<\/p>\n<p>D\u2019altra banda tamb\u00e9 s\u2019ha creat el hashtag #bontractealespersonesgrans per utilitzar-lo a les xarxes socials i ampliar la difusi\u00f3 de la campanya.<\/p>\n<p>Aquesta iniciativa s&#8217;emmarca en el projecte PROSPECTSASO que est\u00e0 cofinan\u00e7at al 65% pel Fons Europeu de Desenvolupament Regional a trav\u00e9s del programa Interreg V-A Espanya-Fran\u00e7a-Andorra (POCTEFA 2014-2020).<\/p>\n","protected":false},"excerpt":{"rendered":"<p>L\u2019\u00e0rea de Benestar Social del Consell Comarcal de l\u2019Alt Empord\u00e0 ha elaborat una guia amb l\u2019objectiu de sensibilitzar vers la realitat dels maltractaments a les persones grans<\/p>\n","protected":false},"author":2,"featured_media":7278,"comment_status":"closed","ping_status":"closed","sticky":false,"template":"","format":"standard","meta":{"footnotes":""},"categories":[106,100,101,105,104,1,108,12,102,115],"tags":[],"class_list":["post-7275","post","type-post","status-publish","format-standard","has-post-thumbnail","hentry","category-administracions","category-area-benestar","category-ciutadania","category-empreses","category-entitats-socials","category-general","category-mitjans-comunicacio","category-pla-dinclusio-2","category-professionals-ambit-social","category-projectes-transfronterers","category-106","category-100","category-101","category-105","category-104","category-1","category-108","category-12","category-102","category-115","description-off"],"_links":{"self":[{"href":"https:\/\/inclusioaltemporda.cat\/portal\/wp-json\/wp\/v2\/posts\/7275","targetHints":{"allow":["GET"]}}],"collection":[{"href":"https:\/\/inclusioaltemporda.cat\/portal\/wp-json\/wp\/v2\/posts"}],"about":[{"href":"https:\/\/inclusioaltemporda.cat\/portal\/wp-json\/wp\/v2\/types\/post"}],"author":[{"embeddable":true,"href":"https:\/\/inclusioaltemporda.cat\/portal\/wp-json\/wp\/v2\/users\/2"}],"replies":[{"embeddable":true,"href":"https:\/\/inclusioaltemporda.cat\/portal\/wp-json\/wp\/v2\/comments?post=7275"}],"version-history":[{"count":5,"href":"https:\/\/inclusioaltemporda.cat\/portal\/wp-json\/wp\/v2\/posts\/7275\/revisions"}],"predecessor-version":[{"id":7285,"href":"https:\/\/inclusioaltemporda.cat\/portal\/wp-json\/wp\/v2\/posts\/7275\/revisions\/7285"}],"wp:featuredmedia":[{"embeddable":true,"href":"https:\/\/inclusioaltemporda.cat\/portal\/wp-json\/wp\/v2\/media\/7278"}],"wp:attachment":[{"href":"https:\/\/inclusioaltemporda.cat\/portal\/wp-json\/wp\/v2\/media?parent=7275"}],"wp:term":[{"taxonomy":"category","embeddable":true,"href":"https:\/\/inclusioaltemporda.cat\/portal\/wp-json\/wp\/v2\/categories?post=7275"},{"taxonomy":"post_tag","embeddable":true,"href":"https:\/\/inclusioaltemporda.cat\/portal\/wp-json\/wp\/v2\/tags?post=7275"}],"curies":[{"name":"wp","href":"https:\/\/api.w.org\/{rel}","templated":true}]}}