{"id":7286,"date":"2019-07-02T09:33:43","date_gmt":"2019-07-02T08:33:43","guid":{"rendered":"https:\/\/inclusioaltemporda.cat\/portal\/?p=7286"},"modified":"2019-07-02T09:35:20","modified_gmt":"2019-07-02T08:35:20","slug":"un-centenar-de-dones-participen-a-la-primera-accio-de-treball-comunitari-de-les-dones-referents-comunitaries-de-lalt-emporda","status":"publish","type":"post","link":"https:\/\/inclusioaltemporda.cat\/portal\/un-centenar-de-dones-participen-a-la-primera-accio-de-treball-comunitari-de-les-dones-referents-comunitaries-de-lalt-emporda\/","title":{"rendered":"Un centenar de dones participen a la primera acci\u00f3 de treball comunitari de les Dones referents comunit\u00e0ries de l&#8217;Alt Empord\u00e0"},"content":{"rendered":"<p>La primera acci\u00f3 de treball comunitari promoguda per les dones referents comunit\u00e0ries de l&#8217;Alt Empord\u00e0 va tenir lloc a la casa de col\u00f2nies Santa Eug\u00e8nia d&#8217;Agullana el proppassat dissabte 22 de juny.<\/p>\n<p>Les dones referents comunit\u00e0ries de l&#8217;Alt Empord\u00e0 van organitzar una trobada amb un centenar de dones\u00a0de diferents municipis\u00a0dirigida a donar a con\u00e8ixer el programa en el qual han participat,\u00a0a dinamitzar grups de dones per con\u00e8ixer les seves necessitats i a\u00a0facilitar informaci\u00f3 sobre serveis i recursos de la comarca.<\/p>\n<p>Aquesta trobada que va tenir lloc al llarg de la jornada, tamb\u00e9 va incloure\u00a0tallers de dansa, d&#8217;autocura \u00a0i d&#8217;informaci\u00f3 sobre\u00a0acc\u00e9s a drets i tr\u00e0mits\u00a0vinculats a la Llei d&#8217;Estrangeria. La jornada tamb\u00e9 va preveure al llarg de tot el dia un espai de joc i entreteniment per als infants.<\/p>\n<p>Aquesta acci\u00f3 ha donat el tret de sortida a la fase de treball comunit\u00e0ria del programa de Dones Referents Comunit\u00e0ries de l&#8217;Alt Empord\u00e0, un cop s&#8217;ha tancat el<a href=\"https:\/\/inclusioaltemporda.cat\/portal\/finalitza-amb-exit-la-primera-fase-de-formacio-intensa-del-programa-de-dones-referents-comunitaries-de-lalt-emporda\/\"> per\u00edode de formaci\u00f3 previ <\/a>que s&#8217;ha portat a terme des del mes de gener i fins el mes de juny. A partir del mes de setembre i fins al mes de novembre en qu\u00e8 es clour\u00e0 aquest Programa, es preveuen portar a terme diferents accions comunit\u00e0ries en municipis i amb professionals de diferents\u00a0serveis p\u00fablics.<\/p>\n<p>El <a href=\"https:\/\/inclusioaltemporda.cat\/portal\/lequip-dinclusio-posa-en-marxa-el-programa-de-dones-referents-comunitaries-de-lalt-emporda\/\">programa de Dones Referents Comunit\u00e0ries de l\u2019Alt Empord\u00e0 <\/a>ha estat posat en marxa per l\u2019equip d\u2019Inclusi\u00f3 i Atenci\u00f3 a la Comunitat del Consell Comarcal\u00a0i\u00a0ha\u00a0estat\u00a0finalista\u00a0dels\u00a0Premis\u00a0La\u00a0Caixa\u00a0Innovaci\u00f3\u00a0Social\u00a02018. Respon a la necessitat de posar en marxa una l\u00ednia d\u2019intervenci\u00f3\u00a0innovadora, flexible i propera orientada a refor\u00e7ar l\u2019empoderament d\u2019un grup de dones de la comarca d\u2019origen migrant, amb l\u2019objectiu de facilitar processos d\u2019intervenci\u00f3 comunit\u00e0ria amb diversos agents de la comarca per refor\u00e7ar la inclusi\u00f3 i cohesi\u00f3 social.<\/p>\n<p>Aquest programa compta amb la col\u00b7laboraci\u00f3 de la\u00a0 <a href=\"https:\/\/obrasociallacaixa.org\/ca\/pobreza-accion-social\/interculturalidad-y-cohesion-social\/interculturalidad-y-accion-social\">Convocat\u00f2ria Interculturalitat i Acci\u00f3 Social 2018 de la Fundaci\u00f3 Banc\u00e0ria La Caixa<\/a> i t\u00e9 una durada d\u2019un any. Est\u00e0 dissenyat des d\u2019una perspectiva de g\u00e8nere per empoderar dones d\u2019origen migrant de diferents creences, \u00e8tnies i or\u00edgens, s\u2019orienta a atendre adequadament les seves necessitats, refor\u00e7ar el treball entre grups d\u2019iguals i la intervenci\u00f3 comunit\u00e0ria a la comarca.<\/p>\n","protected":false},"excerpt":{"rendered":"<p>La primera acci\u00f3 de treball comunitari promoguda per les dones referents comunit\u00e0ries de l&#8217;Alt Empord\u00e0 va tenir lloc a la casa de col\u00f2nies Santa Eug\u00e8nia d&#8217;Agullana el proppassat dissabte 22 de juny.<\/p>\n","protected":false},"author":2,"featured_media":7287,"comment_status":"closed","ping_status":"closed","sticky":false,"template":"","format":"standard","meta":{"footnotes":""},"categories":[106,100,107,101,105,104,103,1,108,12,102,11],"tags":[],"class_list":["post-7286","post","type-post","status-publish","format-standard","has-post-thumbnail","hentry","category-administracions","category-area-benestar","category-centres-recerca-universitats","category-ciutadania","category-empreses","category-entitats-socials","category-estudiants-escoles-instituts","category-general","category-mitjans-comunicacio","category-pla-dinclusio-2","category-professionals-ambit-social","category-taula-inclusio","category-106","category-100","category-107","category-101","category-105","category-104","category-103","category-1","category-108","category-12","category-102","category-11","description-off"],"_links":{"self":[{"href":"https:\/\/inclusioaltemporda.cat\/portal\/wp-json\/wp\/v2\/posts\/7286","targetHints":{"allow":["GET"]}}],"collection":[{"href":"https:\/\/inclusioaltemporda.cat\/portal\/wp-json\/wp\/v2\/posts"}],"about":[{"href":"https:\/\/inclusioaltemporda.cat\/portal\/wp-json\/wp\/v2\/types\/post"}],"author":[{"embeddable":true,"href":"https:\/\/inclusioaltemporda.cat\/portal\/wp-json\/wp\/v2\/users\/2"}],"replies":[{"embeddable":true,"href":"https:\/\/inclusioaltemporda.cat\/portal\/wp-json\/wp\/v2\/comments?post=7286"}],"version-history":[{"count":3,"href":"https:\/\/inclusioaltemporda.cat\/portal\/wp-json\/wp\/v2\/posts\/7286\/revisions"}],"predecessor-version":[{"id":7290,"href":"https:\/\/inclusioaltemporda.cat\/portal\/wp-json\/wp\/v2\/posts\/7286\/revisions\/7290"}],"wp:featuredmedia":[{"embeddable":true,"href":"https:\/\/inclusioaltemporda.cat\/portal\/wp-json\/wp\/v2\/media\/7287"}],"wp:attachment":[{"href":"https:\/\/inclusioaltemporda.cat\/portal\/wp-json\/wp\/v2\/media?parent=7286"}],"wp:term":[{"taxonomy":"category","embeddable":true,"href":"https:\/\/inclusioaltemporda.cat\/portal\/wp-json\/wp\/v2\/categories?post=7286"},{"taxonomy":"post_tag","embeddable":true,"href":"https:\/\/inclusioaltemporda.cat\/portal\/wp-json\/wp\/v2\/tags?post=7286"}],"curies":[{"name":"wp","href":"https:\/\/api.w.org\/{rel}","templated":true}]}}