{"id":7292,"date":"2019-07-08T07:00:09","date_gmt":"2019-07-08T06:00:09","guid":{"rendered":"https:\/\/inclusioaltemporda.cat\/portal\/?p=7292"},"modified":"2019-07-08T11:24:06","modified_gmt":"2019-07-08T10:24:06","slug":"guia-de-recursos-per-a-professionals-de-lacollida-de-les-persones-migrants-en-lespai-catala-transfronterer","status":"publish","type":"post","link":"https:\/\/inclusioaltemporda.cat\/portal\/guia-de-recursos-per-a-professionals-de-lacollida-de-les-persones-migrants-en-lespai-catala-transfronterer\/","title":{"rendered":"Guia de Recursos per a professionals de l&#8217;acollida de les persones migrants en l&#8217;espai catal\u00e0 transfronterer"},"content":{"rendered":"<p>L&#8217;equip d&#8217;Inclusi\u00f3 i Atenci\u00f3 a la Comunitat del Consell Comarcal i el centre de formaci\u00f3 IRTS-Perpiny\u00e0\u00a0han\u00a0presentat la Guia de\u00a0Recursos per a professionals de l&#8217;acollida de les persones migrants en l&#8217;espai catal\u00e0 transfronterer, en el marc del projecte Prospectsaso \u00a0celebrat a Ribesaltes el proppassat 14 de juny.<\/p>\n<p>Aquesta Guia\u00a0recull els serveis i recursos d&#8217;acollida existents a\u00a0la comarca de l&#8217;Alt Empord\u00e0 i al departament dels Pirineus Orientals i \u00e9s fruit de la dinamitzaci\u00f3 entre professionals portada a terme a nivell transfronterer,\u00a0en el marc del projecte\u00a0Prospectsaso (Interreg Poctefa), centrada en l&#8217;acollida i acompanyament de persones migrants en el territori transfronterer.<\/p>\n<p>La Guia t\u00e9\u00a0un doble\u00a0objectiu:\u00a0d&#8217;una banda, visibilitzar els serveis i recursos d&#8217;acollida en el territori transfronterer i, de l&#8217;altra,\u00a0facilitar un millor treball en xarxa entre professionals. <a href=\"https:\/\/inclusioaltemporda.cat\/portal\/wp-content\/uploads\/guia_acollida_CAT.pdf\">Si voleu consultar o descarregar aquesta Guia ho podeu fer en aquest enlla\u00e7<\/a>.<\/p>\n<p>En el marc del projecte Prospectsaso i en els darrers dos anys, m\u00e9s\u00a0de vuitanta professionals de diferents serveis de les comarques gironines i dels Pirineus Orientals han participat en els<a href=\"https:\/\/inclusioaltemporda.cat\/portal\/seminari-transfronterer-a-figueres-sobre-formacio-per-a-lacollida-i-acompanyament-de-persones-estrangeres\/\"> seminaris organitzats a Figueres <\/a>per l&#8217;equip d&#8217;Inclusi\u00f3 i Atenci\u00f3 a la Comunitat amb l&#8217;objectiu de con\u00e8ixer i debatre a l\u2019entorn de les pr\u00e0ctiques professionals i con\u00e8ixer estrat\u00e8gies i eines per millorar l\u2019acollida de persones d\u2019origen estranger.<\/p>\n","protected":false},"excerpt":{"rendered":"<p>L&#8217;equip d&#8217;Inclusi\u00f3 i Atenci\u00f3 a la Comunitat del Consell Comarcal i el centre de formaci\u00f3 IRTS-Perpiny\u00e0 han elaborat aquest recurs en el marc del projecte PROSPECTSASO <\/p>\n","protected":false},"author":2,"featured_media":7296,"comment_status":"closed","ping_status":"closed","sticky":false,"template":"","format":"standard","meta":{"footnotes":""},"categories":[106,100,101,1,108,115],"tags":[],"class_list":["post-7292","post","type-post","status-publish","format-standard","has-post-thumbnail","hentry","category-administracions","category-area-benestar","category-ciutadania","category-general","category-mitjans-comunicacio","category-projectes-transfronterers","category-106","category-100","category-101","category-1","category-108","category-115","description-off"],"_links":{"self":[{"href":"https:\/\/inclusioaltemporda.cat\/portal\/wp-json\/wp\/v2\/posts\/7292","targetHints":{"allow":["GET"]}}],"collection":[{"href":"https:\/\/inclusioaltemporda.cat\/portal\/wp-json\/wp\/v2\/posts"}],"about":[{"href":"https:\/\/inclusioaltemporda.cat\/portal\/wp-json\/wp\/v2\/types\/post"}],"author":[{"embeddable":true,"href":"https:\/\/inclusioaltemporda.cat\/portal\/wp-json\/wp\/v2\/users\/2"}],"replies":[{"embeddable":true,"href":"https:\/\/inclusioaltemporda.cat\/portal\/wp-json\/wp\/v2\/comments?post=7292"}],"version-history":[{"count":5,"href":"https:\/\/inclusioaltemporda.cat\/portal\/wp-json\/wp\/v2\/posts\/7292\/revisions"}],"predecessor-version":[{"id":7299,"href":"https:\/\/inclusioaltemporda.cat\/portal\/wp-json\/wp\/v2\/posts\/7292\/revisions\/7299"}],"wp:featuredmedia":[{"embeddable":true,"href":"https:\/\/inclusioaltemporda.cat\/portal\/wp-json\/wp\/v2\/media\/7296"}],"wp:attachment":[{"href":"https:\/\/inclusioaltemporda.cat\/portal\/wp-json\/wp\/v2\/media?parent=7292"}],"wp:term":[{"taxonomy":"category","embeddable":true,"href":"https:\/\/inclusioaltemporda.cat\/portal\/wp-json\/wp\/v2\/categories?post=7292"},{"taxonomy":"post_tag","embeddable":true,"href":"https:\/\/inclusioaltemporda.cat\/portal\/wp-json\/wp\/v2\/tags?post=7292"}],"curies":[{"name":"wp","href":"https:\/\/api.w.org\/{rel}","templated":true}]}}