{"id":7341,"date":"2019-07-16T08:00:49","date_gmt":"2019-07-16T07:00:49","guid":{"rendered":"https:\/\/inclusioaltemporda.cat\/portal\/?p=7341"},"modified":"2019-07-16T08:06:49","modified_gmt":"2019-07-16T07:06:49","slug":"finalitza-el-segon-micorpojecte-transfronterer-sobre-participacio-ciutadana","status":"publish","type":"post","link":"https:\/\/inclusioaltemporda.cat\/portal\/finalitza-el-segon-micorpojecte-transfronterer-sobre-participacio-ciutadana\/","title":{"rendered":"Finalitza el segon micorpojecte transfronterer sobre participaci\u00f3 ciutadana"},"content":{"rendered":"<p><span lang=\"ca-ES\">Els dies 25 i 26 de juny va tenir lloc a <\/span><span lang=\"ca-ES\">Figueres<\/span><span lang=\"ca-ES\"> les Jornades de formaci\u00f3 <a href=\"https:\/\/inclusioaltemporda.cat\/portal\/jornades-de-formacio-activa-la-participacio-eines-per-a-dinamitzar-el-teu-municipi\/\">\u201cActiva la participaci\u00f3! Eines per a dinamitzar el teu municipi\u201d<\/a> <\/span><span lang=\"ca-ES\">que va comptar amb la participaci\u00f3 d\u2019una quinzena de <\/span><span lang=\"ca-ES\">responsables t\u00e8cnics i pol\u00edtics d\u2019ajuntaments. <\/span><\/p>\n<p lang=\"ca-ES\">Aquesta activitat ha posat punt i final al microprojecte transfronterer XARXA TRANSFRONTERERA DE GOVERNS LOCALS PER LA DEMOCR\u00c0CIA INCLUSIVA que ha impulsat l\u2019Equip d\u2019Inclusi\u00f3 i Atenci\u00f3 a la Comunitat de l\u2019\u00e0rea de Benestar del Consell Comarcal de l\u2019Alt Empord\u00e0 durant el darrer semestre. Aquest projecte tenia com a finalitat refor\u00e7ar la cooperaci\u00f3 transfronterera<a href=\"https:\/\/inclusioaltemporda.cat\/portal\/wp-content\/uploads\/LA-PARTICIPACI\u00d3-CIUTADANA-A-LESPAI-CATAL\u00c0-TRANSFRONTERER.pdf\" target=\"_blank\" rel=\"noopener\"> iniciada l&#8217;any passat<\/a> orientada a promoure i refor\u00e7ar les estrat\u00e8gies d\u2019empoderament de la ciutadania a escala local a trav\u00e9s de l\u2019intercanvi de coneixement i formaci\u00f3 en metodologies de participaci\u00f3 ciutadana a agents locals.<\/p>\n<p><span lang=\"ca-ES\">En el marc del projecte tamb\u00e9 <\/span><span lang=\"ca-ES\">s\u2019ha promogut e<\/span><span lang=\"ca-ES\">l <a href=\"https:\/\/inclusioaltemporda.cat\/portal\/banc-dexperiencies-participacio-ciutadana\/\">Banc de recursos i experi\u00e8ncies de participaci\u00f3 ciutadana de l\u2019Espai Catal\u00e0 Transfronterer<\/a>, un recurs online d\u2019experi\u00e8ncies pr\u00e0ctiques desenvolupades per diferents ajuntaments de l\u2019Alt Empord\u00e0 i el Departament dels Pirineus Orientals on tamb\u00e9 <\/span><span lang=\"ca-ES\">s\u2019hi poen trobar <\/span><span lang=\"ca-ES\">eines pr\u00e0ctiques per al desenvolupament de processos de participaci\u00f3. <\/span><span lang=\"ca-ES\">En aquest espai s\u2019hi poden trobar m\u00e9s de 20 experi\u00e8ncies impulsades els darrers anys.<br \/>\n<\/span><\/p>\n<p lang=\"ca-ES\">Finalment, el microprojecte desenvolupat enguany tamb\u00e9 ha perm\u00e8s traduir i editar el manual d\u2019eines de participaci\u00f3 <i>La Concerta`Bo\u00eete<\/i>. Aquest recurs, creat pels alumnes del <i>Master2 Urbanisme, Habitat et Am\u00e9nagement<\/i> de la Universitat de Perpiny\u00e0 del curs 2017\/2018 en col\u00b7laboraci\u00f3 amb l\u2019Associtation Pays Pyr\u00e9n\u00e9es M\u00e9diterran\u00e9e,<\/p>\n<p lang=\"ca-ES\">es pot descarregar en <a href=\"https:\/\/inclusioaltemporda.cat\/portal\/wp-content\/uploads\/Activa_paticipaci%C3%B3_CAT_p%C3%A0g.pdf\">catal\u00e0<\/a> i <a href=\"https:\/\/inclusioaltemporda.cat\/portal\/wp-content\/uploads\/Concerta_Bo%C3%AEte_pag.pdf\">franc\u00e8s<\/a>.<\/p>\n<p lang=\"ca-ES\">Aquest projecte transfronterer, que ha comptat amb una subvenci\u00f3 del programa de subvencions pluriennals Eurodistricte atorgat per la la Casa de la Generalitat a Perpiny\u00e0 (Departament de Presid\u00e8ncia),<\/p>\n","protected":false},"excerpt":{"rendered":"<p>Aquest s&#8217;ha desenvolupat durant els darrers mesos amb la finalitat refor\u00e7ar la cooperaci\u00f3 transfronterera iniciada l&#8217;any passat orientada a promoure estrat\u00e8gies d\u2019empoderament de la ciutadania a escala local<\/p>\n","protected":false},"author":2,"featured_media":7343,"comment_status":"closed","ping_status":"closed","sticky":false,"template":"","format":"standard","meta":{"footnotes":""},"categories":[106,100,101,1,108,115],"tags":[],"class_list":["post-7341","post","type-post","status-publish","format-standard","has-post-thumbnail","hentry","category-administracions","category-area-benestar","category-ciutadania","category-general","category-mitjans-comunicacio","category-projectes-transfronterers","category-106","category-100","category-101","category-1","category-108","category-115","description-off"],"_links":{"self":[{"href":"https:\/\/inclusioaltemporda.cat\/portal\/wp-json\/wp\/v2\/posts\/7341","targetHints":{"allow":["GET"]}}],"collection":[{"href":"https:\/\/inclusioaltemporda.cat\/portal\/wp-json\/wp\/v2\/posts"}],"about":[{"href":"https:\/\/inclusioaltemporda.cat\/portal\/wp-json\/wp\/v2\/types\/post"}],"author":[{"embeddable":true,"href":"https:\/\/inclusioaltemporda.cat\/portal\/wp-json\/wp\/v2\/users\/2"}],"replies":[{"embeddable":true,"href":"https:\/\/inclusioaltemporda.cat\/portal\/wp-json\/wp\/v2\/comments?post=7341"}],"version-history":[{"count":5,"href":"https:\/\/inclusioaltemporda.cat\/portal\/wp-json\/wp\/v2\/posts\/7341\/revisions"}],"predecessor-version":[{"id":7350,"href":"https:\/\/inclusioaltemporda.cat\/portal\/wp-json\/wp\/v2\/posts\/7341\/revisions\/7350"}],"wp:featuredmedia":[{"embeddable":true,"href":"https:\/\/inclusioaltemporda.cat\/portal\/wp-json\/wp\/v2\/media\/7343"}],"wp:attachment":[{"href":"https:\/\/inclusioaltemporda.cat\/portal\/wp-json\/wp\/v2\/media?parent=7341"}],"wp:term":[{"taxonomy":"category","embeddable":true,"href":"https:\/\/inclusioaltemporda.cat\/portal\/wp-json\/wp\/v2\/categories?post=7341"},{"taxonomy":"post_tag","embeddable":true,"href":"https:\/\/inclusioaltemporda.cat\/portal\/wp-json\/wp\/v2\/tags?post=7341"}],"curies":[{"name":"wp","href":"https:\/\/api.w.org\/{rel}","templated":true}]}}