{"id":7352,"date":"2019-07-23T14:13:45","date_gmt":"2019-07-23T13:13:45","guid":{"rendered":"https:\/\/inclusioaltemporda.cat\/portal\/?p=7352"},"modified":"2019-07-24T07:56:08","modified_gmt":"2019-07-24T06:56:08","slug":"larea-de-benestar-del-consell-comarcal-dona-continuitat-el-projecte-lalt-emporda-una-comarca-inclusiva-amb-salut-i-sostenible-per-al-periode-201920","status":"publish","type":"post","link":"https:\/\/inclusioaltemporda.cat\/portal\/larea-de-benestar-del-consell-comarcal-dona-continuitat-el-projecte-lalt-emporda-una-comarca-inclusiva-amb-salut-i-sostenible-per-al-periode-201920\/","title":{"rendered":"L\u2019\u00e0rea de Benestar del Consell Comarcal dona continu\u00eftat al projecte &#8220;L\u2019Alt Empord\u00e0, una comarca inclusiva, amb salut i sostenible&#8221; per al per\u00edode 2019\/20"},"content":{"rendered":"<p lang=\"ca-ES\">El projecte &#8220;L\u2019Alt Empord\u00e0, una comarca inclusiva, amb salut i sostenible&#8221; que compta amb el suport econ\u00f2mic del <a href=\"https:\/\/www.dipsalut.cat\/area.html?a=7&amp;sub=24&amp;prog=222\" target=\"_blank\" rel=\"noopener\">Programa Benestar i Comunitat de Dipsalut<\/a>, t\u00e9 com a finalitat refor\u00e7ar els dispositius i recursos adre\u00e7ats a atendre les persones en situaci\u00f3 de major vulnerabilitat de la comarca, que tinguin com a objectiu millorar la seva qualitat de vida i l\u2019apoderament de la comunitat i les persones. Aquesta iniciativa dona continu\u00eftat al projecte impulsat el darrer semestre de l&#8217;any passat.<\/p>\n<p lang=\"ca-ES\">El projecte, que est\u00e0 promogut i impulsat per l&#8217;\u00e0rea de Benestar del Consell Comarcal de l&#8217;Alt Empord\u00e0, preveu el desplegament 2 programes fins al mes de setembre de 2020. Un primer programa que t\u00e9 com a objectiu garantir la cobertura dels drets econ\u00f2mics, socials i culturals de les persones i fam\u00edlies en situaci\u00f3 de vulnerabilitat de la comarca, incidint de forma positiva en els determinants de salut de la poblaci\u00f3. I un segon programa, que t\u00e9 com a objectiu refor\u00e7ar l\u2019apoderament de persones (autonomia i capacitats individuals) i les seves comunitats per tal que esdevinguin agents de transformaci\u00f3 de les seves condicions de vida, incorporant estrat\u00e8gies per facilitar suport emocional que, com a conseq\u00fc\u00e8ncia de la crisi econ\u00f2mica, veuen afectada la seva salut i el seu benestar emocional.<\/p>\n<p lang=\"ca-ES\">El projecte s\u2019ha s&#8217;ha elaborat conjuntament amb l&#8217;Ajuntament de Figueres i les entitats socials que actuen en el territori (C\u00e0ritas, Creu Roja i Fundaci\u00f3 Ser.Gi, Fundaci\u00f3 Escola Sant Vicen\u00e7 de Pa\u00fcl-Ksameu, Fundaci\u00f3 Intermedia i Associaci\u00f3 Ranura), en el marc de la Taula per a la Inclusi\u00f3 i la Cohesi\u00f3 Social de l&#8217;Alt Empord\u00e0. Els agents implicats en la definici\u00f3 s\u00f3n tamb\u00e9 els responsables de la implementaci\u00f3 de les diferents actuacions previstes en diferents municipis de la comarca.<\/p>\n<p lang=\"ca-ES\">El projecte 2019-20 posa especial atenci\u00f3 en les iniciatives d&#8217;alfabetitzaci\u00f3 de persones adultes i en les propostes d&#8217;intervenci\u00f3 orientades a millorar la situaci\u00f3 dels infants vulnerables i les seves fam\u00edlies. En el marc de la Taula d&#8217;Inclusi\u00f3 s&#8217;han constitu\u00eft dos grups de treball amb els objectius de millorar la coordinaci\u00f3 dels agents i recursos que treballen a la comarca en aquests dos \u00e0mbits i fer un seguiment de la implementaci\u00f3 dels diferents dispositius del projecte &#8220;L&#8217;Alt Empord\u00e0, una comarca inclusiva, amb salut i sostenible&#8221;.<\/p>\n<p lang=\"ca-ES\">Els recursos i dispositius del projecte &#8220;L\u2019Alt Empord\u00e0, una comarca inclusiva, amb salut i sostenible&#8221; per al per\u00edode 2019-20 s\u00f3n:<\/p>\n<p lang=\"ca-ES\"><strong><em>1) Programa \u00abGarantir condicions de vida digna\u00bb<\/em><\/strong><\/p>\n<p lang=\"ca-ES\">&#8211; Projecte d&#8217;alimentaci\u00f3 infantil (Creu Roja)<\/p>\n<p lang=\"ca-ES\">&#8211; Ajuts per a cobrir necessitats b\u00e0siques (Consell Comarcal de l\u2019Alt Empord\u00e0)<\/p>\n<p lang=\"ca-ES\"><strong><em>2) Programa \u00abFomentar l\u2019autonomia i apoderament de les persones en situaci\u00f3 m\u00e9s vulnerable\u00bb<\/em><\/strong><\/p>\n<p lang=\"ca-ES\">&#8211; Cursos d&#8217;alfabetitzaci\u00f3 b\u00e0sica (Creu Roja, C\u00e0ritas i Fundaci\u00f3 Sant Vicen\u00e7 de Pa\u00fcl)<\/p>\n<p lang=\"ca-ES\">&#8211; Curs de formaci\u00f3 per a persones formadores d&#8217;alfabetitzaci\u00f3 d&#8217;adults (Consell Comarcal de l&#8217;Alt Empord\u00e0)<\/p>\n<p lang=\"ca-ES\">&#8211; Empoderament de dones d\u2019origen subsahari\u00e0 (Fundaci\u00f3 Ser.Gi)<\/p>\n<p lang=\"ca-ES\">&#8211; M\u00f2dul C d&#8217;acollida i acompanyament a joves que migren sols (Associaci\u00f3 Ranura)<\/p>\n<p lang=\"ca-ES\">&#8211; Projecte Lleure IN (Consell Comarcal de l&#8217;Alt Empord\u00e0 i Fundaci\u00f3 Sant Vicen\u00e7 de Pa\u00fcl)<\/p>\n<p lang=\"ca-ES\">&#8211; Programa Enganxa&#8217;t i Renova&#8217;t (Fundaci\u00f3 Intermedia)<\/p>\n<p lang=\"ca-ES\">&#8211; Formaci\u00f3 sobre addiccions comportamentals, bullying i altres conductes de risc als Instituts de la comarca (Consell Comarcal de l&#8217;Alt Empord\u00e0)<\/p>\n<p lang=\"ca-ES\">&#8211; Formaci\u00f3 per a docents d&#8217;Institut en l&#8217;acompanyament emocional i conductual (Associaci\u00f3 Ranura)<\/p>\n<p lang=\"ca-ES\">&#8211; Projecte Diversitat i Conviv\u00e8ncia (Fundaci\u00f3 Ser.GI)<\/p>\n<p lang=\"ca-ES\">&#8211; Intervenci\u00f3 familiar en Inf\u00e0ncia en risc social (Creu Roja)<\/p>\n<p lang=\"ca-ES\">&#8211; Servei d&#8217;Intervenci\u00f3 Educativa (C\u00e0ritas)<\/p>\n<p lang=\"ca-ES\">&#8211; Projecte Zona VIP (Associaci\u00f3 Ranura)<\/p>\n<p lang=\"ca-ES\">&#8211; Espai de trobada per a persones sense sostre (C\u00e0ritas)<\/p>\n<p lang=\"ca-ES\">&#8211; Projecte \u00c0ncora (Consell Comarcal de l\u2019Alt Empord\u00e0)<\/p>\n","protected":false},"excerpt":{"rendered":"<p>El projecte t\u00e9 com a finalitat refor\u00e7ar els dispositius i recursos adre\u00e7ats a atendre les persones en situaci\u00f3 de major vulnerabilitat de la comarca<\/p>\n","protected":false},"author":2,"featured_media":944,"comment_status":"closed","ping_status":"closed","sticky":false,"template":"","format":"standard","meta":{"footnotes":""},"categories":[106,100,101,104,1,108],"tags":[],"class_list":["post-7352","post","type-post","status-publish","format-standard","has-post-thumbnail","hentry","category-administracions","category-area-benestar","category-ciutadania","category-entitats-socials","category-general","category-mitjans-comunicacio","category-106","category-100","category-101","category-104","category-1","category-108","description-off"],"_links":{"self":[{"href":"https:\/\/inclusioaltemporda.cat\/portal\/wp-json\/wp\/v2\/posts\/7352","targetHints":{"allow":["GET"]}}],"collection":[{"href":"https:\/\/inclusioaltemporda.cat\/portal\/wp-json\/wp\/v2\/posts"}],"about":[{"href":"https:\/\/inclusioaltemporda.cat\/portal\/wp-json\/wp\/v2\/types\/post"}],"author":[{"embeddable":true,"href":"https:\/\/inclusioaltemporda.cat\/portal\/wp-json\/wp\/v2\/users\/2"}],"replies":[{"embeddable":true,"href":"https:\/\/inclusioaltemporda.cat\/portal\/wp-json\/wp\/v2\/comments?post=7352"}],"version-history":[{"count":7,"href":"https:\/\/inclusioaltemporda.cat\/portal\/wp-json\/wp\/v2\/posts\/7352\/revisions"}],"predecessor-version":[{"id":7360,"href":"https:\/\/inclusioaltemporda.cat\/portal\/wp-json\/wp\/v2\/posts\/7352\/revisions\/7360"}],"wp:featuredmedia":[{"embeddable":true,"href":"https:\/\/inclusioaltemporda.cat\/portal\/wp-json\/wp\/v2\/media\/944"}],"wp:attachment":[{"href":"https:\/\/inclusioaltemporda.cat\/portal\/wp-json\/wp\/v2\/media?parent=7352"}],"wp:term":[{"taxonomy":"category","embeddable":true,"href":"https:\/\/inclusioaltemporda.cat\/portal\/wp-json\/wp\/v2\/categories?post=7352"},{"taxonomy":"post_tag","embeddable":true,"href":"https:\/\/inclusioaltemporda.cat\/portal\/wp-json\/wp\/v2\/tags?post=7352"}],"curies":[{"name":"wp","href":"https:\/\/api.w.org\/{rel}","templated":true}]}}