{"id":7364,"date":"2019-08-07T14:38:05","date_gmt":"2019-08-07T13:38:05","guid":{"rendered":"https:\/\/inclusioaltemporda.cat\/portal\/?p=7364"},"modified":"2019-08-08T07:22:59","modified_gmt":"2019-08-08T06:22:59","slug":"finalitza-ledicio-musica-x-recordar-de-linstitut-ramon-muntaner","status":"publish","type":"post","link":"https:\/\/inclusioaltemporda.cat\/portal\/finalitza-ledicio-musica-x-recordar-de-linstitut-ramon-muntaner\/","title":{"rendered":"Finalitza el projecte M\u00fasica x Recordar de l&#8217;Institut Ramon Muntaner"},"content":{"rendered":"<p class=\"western\">Aquesta iniciativa, impulsada per l&#8217;Institut Ramon Muntaner de Figueres, vol refor\u00e7ar el treball amb adolescents i joves en situaci\u00f3 de dificultat de seguiment de la traject\u00f2ria educativa a trav\u00e9s d&#8217;un projecte intergeneracional amb persones grans afectades per la malaltia de l&#8217;Alzheimer que a trav\u00e9s del cant, el ball i la m\u00fasica generen un espai de trobada que reforci el lla\u00e7os d&#8217;amistat i respecte entre les dues generacions.<\/p>\n<p class=\"western\">El projecte ha ofert durant el curs escolar 2018-2019 un projecte a joves estudiants d\u2019ESO que presenten dificultats per seguir amb la traject\u00f2ria formativa formal. Han participat en el projecte 60 alumnes de 2n i 3r d\u2019ESO d\u2019entre 13 i 17 anys de l\u2019Institut Ramon Muntaner i unes 200 persones grans usu\u00e0ries centre de dia de l&#8217;Associaci\u00f3 de Malats d&#8217;Alzheimer.<\/p>\n<p><iframe loading=\"lazy\" src=\"https:\/\/www.youtube.com\/embed\/BsBNVM3BmaU\" width=\"560\" height=\"315\" frameborder=\"0\" allowfullscreen=\"allowfullscreen\"><\/iframe><\/p>\n<p class=\"western\">El Concurs de Projectes d&#8217;Inclusi\u00f3 Social t\u00e9 com a objectiu fer emergir iniciatives innovadores en l\u2019\u00e0mbit de la inclusi\u00f3 i la cohesi\u00f3 social i finan\u00e7ar projectes en el territori. Aquesta iniciativa, que s\u2019emmarca en el Pla d\u2019Inclusi\u00f3 i Cohesi\u00f3 Social de l\u2019Alt Empord\u00e0, t\u00e9 com a finalitat millorar les condicions de vida de la poblaci\u00f3 de la comarca i refor\u00e7ar la cohesi\u00f3 social.<\/p>\n<p class=\"western\">La del 2018 va ser la sisena edici\u00f3 de la convocat\u00f2ria que en les edicions anteriors va premiar les seg\u00fcents iniciatives: Projecte \u201cTeatre a l\u2019abast\u201d del Grup Centre de lleure El Dof\u00ed i l\u2019associaci\u00f3 de teatre juvenil a Mossegades (2017), projecte \u201cGrans Experts\u201d de C\u00e0ritas Diocesana de Girona (2016), projecte \u201cTothom pot navegar\u201d del GEN Roses (2015), projectes \u201cLa cuina, cooperativisme a foc lent\u201d de la Cooperativa Eines i com a acc\u00e8ssit el projecte laboral \u201cReciclatge de paper\u201d de l\u2019Associaci\u00f3 El Tamariu (2013). L\u2019any 2014 no hi va haver convocat\u00f2ria.<\/p>\n<p>&nbsp;<\/p>\n","protected":false},"excerpt":{"rendered":"<p>Aquesta iniciativa que vol refor\u00e7ar el treball amb adolescents i joves en situaci\u00f3 de dificultat de seguiment de la traject\u00f2ria educativa va guanyar l&#8217;edici\u00f3 2018 del Concurs de Projectes d&#8217;Inclusi\u00f3 Social del Consell Comarcal de l&#8217;Alt Empord\u00e0<\/p>\n","protected":false},"author":2,"featured_media":6757,"comment_status":"closed","ping_status":"closed","sticky":false,"template":"","format":"standard","meta":{"footnotes":""},"categories":[106,100,101,105,104,103,1,108,12],"tags":[],"class_list":["post-7364","post","type-post","status-publish","format-standard","has-post-thumbnail","hentry","category-administracions","category-area-benestar","category-ciutadania","category-empreses","category-entitats-socials","category-estudiants-escoles-instituts","category-general","category-mitjans-comunicacio","category-pla-dinclusio-2","category-106","category-100","category-101","category-105","category-104","category-103","category-1","category-108","category-12","description-off"],"_links":{"self":[{"href":"https:\/\/inclusioaltemporda.cat\/portal\/wp-json\/wp\/v2\/posts\/7364","targetHints":{"allow":["GET"]}}],"collection":[{"href":"https:\/\/inclusioaltemporda.cat\/portal\/wp-json\/wp\/v2\/posts"}],"about":[{"href":"https:\/\/inclusioaltemporda.cat\/portal\/wp-json\/wp\/v2\/types\/post"}],"author":[{"embeddable":true,"href":"https:\/\/inclusioaltemporda.cat\/portal\/wp-json\/wp\/v2\/users\/2"}],"replies":[{"embeddable":true,"href":"https:\/\/inclusioaltemporda.cat\/portal\/wp-json\/wp\/v2\/comments?post=7364"}],"version-history":[{"count":6,"href":"https:\/\/inclusioaltemporda.cat\/portal\/wp-json\/wp\/v2\/posts\/7364\/revisions"}],"predecessor-version":[{"id":7370,"href":"https:\/\/inclusioaltemporda.cat\/portal\/wp-json\/wp\/v2\/posts\/7364\/revisions\/7370"}],"wp:featuredmedia":[{"embeddable":true,"href":"https:\/\/inclusioaltemporda.cat\/portal\/wp-json\/wp\/v2\/media\/6757"}],"wp:attachment":[{"href":"https:\/\/inclusioaltemporda.cat\/portal\/wp-json\/wp\/v2\/media?parent=7364"}],"wp:term":[{"taxonomy":"category","embeddable":true,"href":"https:\/\/inclusioaltemporda.cat\/portal\/wp-json\/wp\/v2\/categories?post=7364"},{"taxonomy":"post_tag","embeddable":true,"href":"https:\/\/inclusioaltemporda.cat\/portal\/wp-json\/wp\/v2\/tags?post=7364"}],"curies":[{"name":"wp","href":"https:\/\/api.w.org\/{rel}","templated":true}]}}