{"id":7410,"date":"2019-09-04T08:00:07","date_gmt":"2019-09-04T07:00:07","guid":{"rendered":"https:\/\/inclusioaltemporda.cat\/portal\/?p=7410"},"modified":"2019-08-27T09:37:52","modified_gmt":"2019-08-27T08:37:52","slug":"formacio-per-a-formadors-alfabetitzacio-de-persones-adultes-en-catala","status":"publish","type":"post","link":"https:\/\/inclusioaltemporda.cat\/portal\/formacio-per-a-formadors-alfabetitzacio-de-persones-adultes-en-catala\/","title":{"rendered":"Formaci\u00f3 per a formadors alfabetitzaci\u00f3 de persones adultes en catal\u00e0"},"content":{"rendered":"<p>Aquesta setmana una vintena de professionals de diferents serveis p\u00fablics i entitats que imparteixen alfabetitzaci\u00f3 en catal\u00e0 per a persones adultes a l&#8217;Alt Empord\u00e0 estan participant en un curs de formaci\u00f3 de 20 hores de durada organitzat per l\u2019Equip d\u2019Inclusi\u00f3 i Atenci\u00f3 a la Comunitat\u00a0de l\u2019\u00e0rea de Benestar del Consell Comarcal de l&#8217;Alt Empord\u00e0 amb el suport del programa Benestar i Comunitat 2019-2020 de Dipsalut.<\/p>\n<p>Aquesta formaci\u00f3 s&#8217;emmarca en la l\u00ednia d&#8217;actuaci\u00f3 promoguda a l&#8217;Alt Empord\u00e0 per refor\u00e7ar les iniciatives d&#8217;alfabetitzaci\u00f3 de persones adultes. En aquest sentit, el mes de febrer d&#8217;enguany s&#8217;ha constitu\u00eft un grup de treball que incorpora tots els agents de la comarca implicats en iniciatives en aquest \u00e0mbit. Aquest t\u00e9 com a objectiu diagnosticar i identificar necessitats en l&#8217;\u00e0mbit de les pol\u00edtiques d&#8217;alfabetitzaci\u00f3 de persones adultes a l&#8217;Alt Empord\u00e0 i promoure una reflexi\u00f3 sobre la seva orientaci\u00f3 a la comarca. Una de les necessitats identificades en aquest espai de treball ha estat la de refor\u00e7ar la formaci\u00f3 adre\u00e7ada al i les professionals que imparteixen alfabetitzaci\u00f3 a persones adultes amb l&#8217;objectiu de consensuar metodologies i promoure la formaci\u00f3 en un \u00e0mbit en que no existeix oferta formativa al territori.<\/p>\n<p>Els objectius de la formaci\u00f3 s\u00f3n els seg\u00fcents: 1) Compartir la programaci\u00f3 i la temporalitzaci\u00f3 dels cursos d\u2019alfabetitzaci\u00f3 d\u2019adults en catal\u00e0; 2) Introduir innovacions metodol\u00f2giques en l&#8217;alfabetitzaci\u00f3 de persones adultes i 3) Treballar bibliografia d\u2019aprenentatge en entorns de multiculturalitat i pluriling\u00fcisme.<\/p>\n<p>La formaci\u00f3 i el coneixement de la llengua facilita els processos i traject\u00f2ries d\u2019inclusi\u00f3 social de la poblaci\u00f3 nouvinguda a la comarca i forma part de l\u2019estrat\u00e8gia de treball en xarxa que estableix el <a href=\"https:\/\/inclusioaltemporda.cat\/portal\/wp-content\/uploads\/PLA-INCLUSI%C3%93_Vdef.pdf\">Pla d\u2019actuaci\u00f3 2017-2020 per a la Inclusi\u00f3 i la Cohesi\u00f3 Social de l\u2019Alt Empord\u00e0<\/a>.<\/p>\n","protected":false},"excerpt":{"rendered":"<p>Una vintena de professionals de diferents serveis p\u00fablics i entitats de la comarca que imparteixen alfabetitzaci\u00f3 en catal\u00e0 per a persones adultes a l&#8217;Alt Empord\u00e0 estan participant en un curs de formaci\u00f3 organitzat per l\u2019Equip d\u2019Inclusi\u00f3 i Atenci\u00f3 a la Comunitat del Consell Comarcal<\/p>\n","protected":false},"author":2,"featured_media":6828,"comment_status":"closed","ping_status":"closed","sticky":false,"template":"","format":"standard","meta":{"footnotes":""},"categories":[106,100,101,104,1,108,12,102],"tags":[],"class_list":["post-7410","post","type-post","status-publish","format-standard","has-post-thumbnail","hentry","category-administracions","category-area-benestar","category-ciutadania","category-entitats-socials","category-general","category-mitjans-comunicacio","category-pla-dinclusio-2","category-professionals-ambit-social","category-106","category-100","category-101","category-104","category-1","category-108","category-12","category-102","description-off"],"_links":{"self":[{"href":"https:\/\/inclusioaltemporda.cat\/portal\/wp-json\/wp\/v2\/posts\/7410","targetHints":{"allow":["GET"]}}],"collection":[{"href":"https:\/\/inclusioaltemporda.cat\/portal\/wp-json\/wp\/v2\/posts"}],"about":[{"href":"https:\/\/inclusioaltemporda.cat\/portal\/wp-json\/wp\/v2\/types\/post"}],"author":[{"embeddable":true,"href":"https:\/\/inclusioaltemporda.cat\/portal\/wp-json\/wp\/v2\/users\/2"}],"replies":[{"embeddable":true,"href":"https:\/\/inclusioaltemporda.cat\/portal\/wp-json\/wp\/v2\/comments?post=7410"}],"version-history":[{"count":7,"href":"https:\/\/inclusioaltemporda.cat\/portal\/wp-json\/wp\/v2\/posts\/7410\/revisions"}],"predecessor-version":[{"id":7415,"href":"https:\/\/inclusioaltemporda.cat\/portal\/wp-json\/wp\/v2\/posts\/7410\/revisions\/7415"}],"wp:featuredmedia":[{"embeddable":true,"href":"https:\/\/inclusioaltemporda.cat\/portal\/wp-json\/wp\/v2\/media\/6828"}],"wp:attachment":[{"href":"https:\/\/inclusioaltemporda.cat\/portal\/wp-json\/wp\/v2\/media?parent=7410"}],"wp:term":[{"taxonomy":"category","embeddable":true,"href":"https:\/\/inclusioaltemporda.cat\/portal\/wp-json\/wp\/v2\/categories?post=7410"},{"taxonomy":"post_tag","embeddable":true,"href":"https:\/\/inclusioaltemporda.cat\/portal\/wp-json\/wp\/v2\/tags?post=7410"}],"curies":[{"name":"wp","href":"https:\/\/api.w.org\/{rel}","templated":true}]}}